{"id":18323,"date":"2022-12-19T16:52:06","date_gmt":"2022-12-19T16:52:06","guid":{"rendered":"http:\/\/lahora.mx\/?p=18323"},"modified":"2022-12-19T16:52:06","modified_gmt":"2022-12-19T16:52:06","slug":"puebla-regresa-a-uso-de-cubreboca-obligatorio","status":"publish","type":"post","link":"https:\/\/lahora.mx\/index.php\/2022\/12\/19\/puebla-regresa-a-uso-de-cubreboca-obligatorio\/","title":{"rendered":"Puebla regresa a uso de cubreboca obligatorio"},"content":{"rendered":"\n<p>Ante el incremento de contagios de covid-19 en el pa\u00eds, Puebla regresa a uso de cubreboca obligatorio, para ello el gobierno estatal emiti\u00f3 un nuevo decreto en la materia.<\/p>\n\n\n\n<p>\u201cMediante el uso obligatorio en el estado de Puebla de cubreboca o mascarilla facial en espacios cerrados; y al aire libre cuando el n\u00famero de personas sea de aglomeraci\u00f3n\u201d, anunci\u00f3 el titular de la Secretaria de Salud, Jos\u00e9 Antonio Mart\u00ednez Garc\u00eda.<\/p>\n\n\n\n<p>El funcionario p\u00fablico detall\u00f3 que se mantiene el aforo al 100 por ciento en los diferentes negocios y centros de trabajo de la entidad, sin embargo, cada establecimiento ser\u00e1 responsable de su autorregulaci\u00f3n.<\/p>\n\n\n\n<p>Adem\u00e1s del uso obligatorio de cubreboca en Puebla, el nuevo decreto establece tambi\u00e9n que en caso de eventos mayores a 300 personas los organizadores tendr\u00e1n que contar con la validaci\u00f3n del protocolo sanitario por parte de Protecci\u00f3n Civil del gobierno del estado<br>\u201cLos gestores que sean sorprendidos presentando c\u00f3digos QR pasados perder\u00e1n de forma autom\u00e1tica su registro ante las autoridades de Protecci\u00f3n Civil\u201d, advirti\u00f3 Mart\u00ednez Garc\u00eda.<\/p>\n\n\n\n<p>Pero eso no es todo y es que, aunque por el momento no existen otras prohibiciones, el gobierno de Puebla exhorta tambi\u00e9n a la poblaci\u00f3n en general a evitar reuniones masivas, sobre todo para quienes a\u00fan no se han vacunado.<\/p>\n\n\n\n<p>\u201cDeber\u00e1 evitar concentraciones masivas sin protecci\u00f3n procurando que las reuniones familiares se realicen entre convivientes y a no llevar a cabo fiestas, reuniones, celebraciones mayores a 10 personas\u201d.<\/p>\n\n\n\n<p>Por su parte el gobernador de Puebla, Sergio Salom\u00f3n C\u00e9spedes Peregrina, afirm\u00f3 que la disciplina es fundamental para evitar llegar a una crisis sanitaria.<\/p>\n\n\n\n<p>\u201cYa conocemos a esta terrible pandemia y ya conocemos como atacarla\u2026 prudencia, paciencia y organizaci\u00f3n, no estamos en una crisis, la intenci\u00f3n es no, llegar a una crisis, por eso la prevenci\u00f3n es fundamental\u201d, puntualiz\u00f3 el gobernador C\u00e9spedes.<\/p>\n\n\n\n<p>Y es que, en las \u00faltimas cuatro semanas, el pa\u00eds ha registrado un aumento tato de contagios de covid-19 como de influenza y neumococo, por lo que con este nuevo decreto Puebla regresa a uso de cubreboca obligatorio.<\/p>\n","protected":false},"excerpt":{"rendered":"<p>Ante el incremento de contagios de covid-19 en el pa\u00eds, Puebla regresa a uso de cubreboca obligatorio, para ello el gobierno estatal emiti\u00f3 un nuevo decreto en la materia. \u201cMediante el uso obligatorio en el estado de Puebla de cubreboca o mascarilla facial en espacios cerrados; y al aire libre cuando el n\u00famero de personas [&hellip;]<\/p>\n","protected":false},"author":4,"featured_media":18324,"comment_status":"open","ping_status":"open","sticky":false,"template":"","format":"standard","meta":{"om_disable_all_campaigns":false,"_monsterinsights_skip_tracking":false,"_monsterinsights_sitenote_active":false,"_monsterinsights_sitenote_note":"","_monsterinsights_sitenote_category":0,"footnotes":""},"categories":[175],"tags":[195,223],"class_list":["post-18323","post","type-post","status-publish","format-standard","has-post-thumbnail","hentry","category-local","tag-principal","tag-puebla"],"amp_enabled":true,"_links":{"self":[{"href":"https:\/\/lahora.mx\/index.php\/wp-json\/wp\/v2\/posts\/18323","targetHints":{"allow":["GET"]}}],"collection":[{"href":"https:\/\/lahora.mx\/index.php\/wp-json\/wp\/v2\/posts"}],"about":[{"href":"https:\/\/lahora.mx\/index.php\/wp-json\/wp\/v2\/types\/post"}],"author":[{"embeddable":true,"href":"https:\/\/lahora.mx\/index.php\/wp-json\/wp\/v2\/users\/4"}],"replies":[{"embeddable":true,"href":"https:\/\/lahora.mx\/index.php\/wp-json\/wp\/v2\/comments?post=18323"}],"version-history":[{"count":1,"href":"https:\/\/lahora.mx\/index.php\/wp-json\/wp\/v2\/posts\/18323\/revisions"}],"predecessor-version":[{"id":18325,"href":"https:\/\/lahora.mx\/index.php\/wp-json\/wp\/v2\/posts\/18323\/revisions\/18325"}],"wp:featuredmedia":[{"embeddable":true,"href":"https:\/\/lahora.mx\/index.php\/wp-json\/wp\/v2\/media\/18324"}],"wp:attachment":[{"href":"https:\/\/lahora.mx\/index.php\/wp-json\/wp\/v2\/media?parent=18323"}],"wp:term":[{"taxonomy":"category","embeddable":true,"href":"https:\/\/lahora.mx\/index.php\/wp-json\/wp\/v2\/categories?post=18323"},{"taxonomy":"post_tag","embeddable":true,"href":"https:\/\/lahora.mx\/index.php\/wp-json\/wp\/v2\/tags?post=18323"}],"curies":[{"name":"wp","href":"https:\/\/api.w.org\/{rel}","templated":true}]}}