{"id":18315,"date":"2022-12-19T16:47:18","date_gmt":"2022-12-19T16:47:18","guid":{"rendered":"http:\/\/lahora.mx\/?p=18315"},"modified":"2022-12-19T16:47:21","modified_gmt":"2022-12-19T16:47:21","slug":"al-sur-de-la-ciudad-ayuntamiento-de-puebla-inaugura-la-calle-103-s-oriente-tras-su-rehabilitacion","status":"publish","type":"post","link":"https:\/\/lahora.mx\/index.php\/2022\/12\/19\/al-sur-de-la-ciudad-ayuntamiento-de-puebla-inaugura-la-calle-103-s-oriente-tras-su-rehabilitacion\/","title":{"rendered":"Al sur de la ciudad Ayuntamiento de Puebla inaugura la calle 103 S oriente tras su rehabilitaci\u00f3n"},"content":{"rendered":"\n<p>El cambio de rumbo se vive en las colonias de Puebla capital, como en Arboledas de Loma Bella, donde la rehabilitaci\u00f3n de la calle 103 A Oriente ya es una realidad; con una nueva carpeta asf\u00e1ltica, banquetas, guarniciones, luminarias y \u00e1rboles, qued\u00f3 \u201cde 10\u201d para la comunidad.<\/p>\n\n\n\n<figure class=\"wp-block-image size-large\"><img fetchpriority=\"high\" decoding=\"async\" width=\"1024\" height=\"606\" src=\"https:\/\/lahora.mx\/wp-content\/uploads\/2022\/12\/Captura-de-pantalla-2022-12-19-a-las-10.46.09-1024x606.png\" alt=\"\" class=\"wp-image-18318\" srcset=\"https:\/\/lahora.mx\/wp-content\/uploads\/2022\/12\/Captura-de-pantalla-2022-12-19-a-las-10.46.09-1024x606.png 1024w, https:\/\/lahora.mx\/wp-content\/uploads\/2022\/12\/Captura-de-pantalla-2022-12-19-a-las-10.46.09-300x178.png 300w, https:\/\/lahora.mx\/wp-content\/uploads\/2022\/12\/Captura-de-pantalla-2022-12-19-a-las-10.46.09-768x455.png 768w, https:\/\/lahora.mx\/wp-content\/uploads\/2022\/12\/Captura-de-pantalla-2022-12-19-a-las-10.46.09.png 1179w\" sizes=\"(max-width: 1024px) 100vw, 1024px\" \/><\/figure>\n\n\n\n<p>Se trata de una entrega m\u00e1s de obra p\u00fablica que realiza la Administraci\u00f3n Municipal de Eduardo Rivera P\u00e9rez, la calle n\u00famero 471 que al d\u00eda de hoy ha logrado intervenir para cambiar las condiciones de desarrollo, acceso y movilidad de toda la ciudad, mediante el Programa 1,000 Calles, \u201cen beneficio de ciudadanas, ciudadanos de Puebla que necesitan de este servicio b\u00e1sico desde hace much\u00edsimos a\u00f1os\u201d, expres\u00f3 el Alcalde.<\/p>\n\n\n\n<p>Y es que, en esta ocasi\u00f3n, la 103 A Oriente requiri\u00f3 una inversi\u00f3n de 5.9 millones de pesos, pues se rehabilitaron m\u00e1s de dos mil 300 metros cuadrados de espacio urbano, donde tambi\u00e9n se incluy\u00f3 la pavimentaci\u00f3n de las privadas 16 de Septiembre \u201cA\u201d, \u201cB\u201d y \u201cC\u201d, as\u00ed como la construcci\u00f3n de banquetas y guarniciones, la instalaci\u00f3n nuevas luminarias y el sembrado de \u00e1rboles.<\/p>\n\n\n\n<figure class=\"wp-block-image size-large\"><img decoding=\"async\" width=\"1024\" height=\"550\" src=\"https:\/\/lahora.mx\/wp-content\/uploads\/2022\/12\/Captura-de-pantalla-2022-12-19-a-las-10.46.21-1024x550.png\" alt=\"\" class=\"wp-image-18317\" srcset=\"https:\/\/lahora.mx\/wp-content\/uploads\/2022\/12\/Captura-de-pantalla-2022-12-19-a-las-10.46.21-1024x550.png 1024w, https:\/\/lahora.mx\/wp-content\/uploads\/2022\/12\/Captura-de-pantalla-2022-12-19-a-las-10.46.21-300x161.png 300w, https:\/\/lahora.mx\/wp-content\/uploads\/2022\/12\/Captura-de-pantalla-2022-12-19-a-las-10.46.21-768x413.png 768w, https:\/\/lahora.mx\/wp-content\/uploads\/2022\/12\/Captura-de-pantalla-2022-12-19-a-las-10.46.21.png 1258w\" sizes=\"(max-width: 1024px) 100vw, 1024px\" \/><\/figure>\n\n\n\n<p>Ahora le toca a la comunidad de Arboledas de Loma Bella el cuidar y mantener las condiciones alcanzadas en esta vialidad; por ello, tambi\u00e9n participaron en el corte de list\u00f3n inaugural Jos\u00e9 Arturo Illescas Rom\u00e1n, Ciudadano Presidente del Comit\u00e9 de Obra; Mario Riestra Pi\u00f1a, Diputado Federal por la LXV Legislatura del Congreso de la Uni\u00f3n; Luis Franco Mart\u00ednez, Regidor Presidente de la Comisi\u00f3n de Bienestar; Juan Manuel Col\u00edn Garc\u00eda, Presidente Auxiliar de San Baltazar Campeche; y X\u00f3chitl Ram\u00edrez L\u00f3pez, Jefa de la Polic\u00eda Zona 7.<\/p>\n","protected":false},"excerpt":{"rendered":"<p>El cambio de rumbo se vive en las colonias de Puebla capital, como en Arboledas de Loma Bella, donde la rehabilitaci\u00f3n de la calle 103 A Oriente ya es una realidad; con una nueva carpeta asf\u00e1ltica, banquetas, guarniciones, luminarias y \u00e1rboles, qued\u00f3 \u201cde 10\u201d para la comunidad. Se trata de una entrega m\u00e1s de obra [&hellip;]<\/p>\n","protected":false},"author":4,"featured_media":18316,"comment_status":"open","ping_status":"open","sticky":false,"template":"","format":"standard","meta":{"om_disable_all_campaigns":false,"_monsterinsights_skip_tracking":false,"_monsterinsights_sitenote_active":false,"_monsterinsights_sitenote_note":"","_monsterinsights_sitenote_category":0,"footnotes":""},"categories":[175],"tags":[195,223],"class_list":["post-18315","post","type-post","status-publish","format-standard","has-post-thumbnail","hentry","category-local","tag-principal","tag-puebla"],"amp_enabled":true,"_links":{"self":[{"href":"https:\/\/lahora.mx\/index.php\/wp-json\/wp\/v2\/posts\/18315","targetHints":{"allow":["GET"]}}],"collection":[{"href":"https:\/\/lahora.mx\/index.php\/wp-json\/wp\/v2\/posts"}],"about":[{"href":"https:\/\/lahora.mx\/index.php\/wp-json\/wp\/v2\/types\/post"}],"author":[{"embeddable":true,"href":"https:\/\/lahora.mx\/index.php\/wp-json\/wp\/v2\/users\/4"}],"replies":[{"embeddable":true,"href":"https:\/\/lahora.mx\/index.php\/wp-json\/wp\/v2\/comments?post=18315"}],"version-history":[{"count":1,"href":"https:\/\/lahora.mx\/index.php\/wp-json\/wp\/v2\/posts\/18315\/revisions"}],"predecessor-version":[{"id":18319,"href":"https:\/\/lahora.mx\/index.php\/wp-json\/wp\/v2\/posts\/18315\/revisions\/18319"}],"wp:featuredmedia":[{"embeddable":true,"href":"https:\/\/lahora.mx\/index.php\/wp-json\/wp\/v2\/media\/18316"}],"wp:attachment":[{"href":"https:\/\/lahora.mx\/index.php\/wp-json\/wp\/v2\/media?parent=18315"}],"wp:term":[{"taxonomy":"category","embeddable":true,"href":"https:\/\/lahora.mx\/index.php\/wp-json\/wp\/v2\/categories?post=18315"},{"taxonomy":"post_tag","embeddable":true,"href":"https:\/\/lahora.mx\/index.php\/wp-json\/wp\/v2\/tags?post=18315"}],"curies":[{"name":"wp","href":"https:\/\/api.w.org\/{rel}","templated":true}]}}