{"id":18312,"date":"2022-12-19T14:58:38","date_gmt":"2022-12-19T14:58:38","guid":{"rendered":"http:\/\/lahora.mx\/?p=18312"},"modified":"2022-12-19T14:58:38","modified_gmt":"2022-12-19T14:58:38","slug":"volcan-popocatepetl-registra-cuatro-explosiones-durante-la-noche","status":"publish","type":"post","link":"https:\/\/lahora.mx\/index.php\/2022\/12\/19\/volcan-popocatepetl-registra-cuatro-explosiones-durante-la-noche\/","title":{"rendered":"Volc\u00e1n Popocat\u00e9petl registra cuatro explosiones durante la noche"},"content":{"rendered":"\n<p>Al menos cuatro explosiones menores de volc\u00e1n Popocat\u00e9petl fueron reportadas durante la noche del domingo 18 al lunes 19 de diciembre, por lo que el sem\u00e1foro de alerta volc\u00e1nica se encuentra en amarillo fase 2.<\/p>\n\n\n\n<p>La Coordinaci\u00f3n Nacional de Protecci\u00f3n Civil (CNPC) ha informado en tiempo real sobre estas explosiones; la primera fue reportada a las 22:53 horas de la noche del domingo con bajo contenido de ceniza, la cual alcanz\u00f3 una fumarola de 1 km con desplazamiento al noreste.<br>La segunda ocurri\u00f3 pasada la medianoche de este lunes, a las 00:45 horas, la columna de ceniza alcanz\u00f3 una altura de 1.2 km tambi\u00e9n con desplazamiento al noreste.<\/p>\n\n\n\n<p>La tercera ocurri\u00f3 en la madrugada, a las 2:50 horas. En esta ocasi\u00f3n la fumarola alcanz\u00f3 un altura de 1.4 km con sentido al noreste.<\/p>\n\n\n\n<p>La \u00faltima se report\u00f3 a las 6:39 horas de este lunes, es decir, al amanecer; pese a que el contenido de ceniza fue leve, en esta ocasi\u00f3n, la fumarola alcanz\u00f3 una altura de 2.4 km con desplazamiento al noreste. Adem\u00e1s se observaron fragmentos de lava a corta distancia del cr\u00e1ter.<\/p>\n\n\n\n<p>Protecci\u00f3n Civil del municipio de Puebla ha se\u00f1alado que la posibilidad de ca\u00edda de ceniza por parte del volc\u00e1n Popocat\u00e9petl en la capital poblana es baja, no obstante, se ha pedido a la ciudadan\u00eda tener sus precauciones.<\/p>\n","protected":false},"excerpt":{"rendered":"<p>Al menos cuatro explosiones menores de volc\u00e1n Popocat\u00e9petl fueron reportadas durante la noche del domingo 18 al lunes 19 de diciembre, por lo que el sem\u00e1foro de alerta volc\u00e1nica se encuentra en amarillo fase 2. La Coordinaci\u00f3n Nacional de Protecci\u00f3n Civil (CNPC) ha informado en tiempo real sobre estas explosiones; la primera fue reportada a [&hellip;]<\/p>\n","protected":false},"author":4,"featured_media":18313,"comment_status":"open","ping_status":"open","sticky":false,"template":"","format":"standard","meta":{"om_disable_all_campaigns":false,"_monsterinsights_skip_tracking":false,"_monsterinsights_sitenote_active":false,"_monsterinsights_sitenote_note":"","_monsterinsights_sitenote_category":0,"footnotes":""},"categories":[175],"tags":[223],"class_list":["post-18312","post","type-post","status-publish","format-standard","has-post-thumbnail","hentry","category-local","tag-puebla"],"amp_enabled":true,"_links":{"self":[{"href":"https:\/\/lahora.mx\/index.php\/wp-json\/wp\/v2\/posts\/18312","targetHints":{"allow":["GET"]}}],"collection":[{"href":"https:\/\/lahora.mx\/index.php\/wp-json\/wp\/v2\/posts"}],"about":[{"href":"https:\/\/lahora.mx\/index.php\/wp-json\/wp\/v2\/types\/post"}],"author":[{"embeddable":true,"href":"https:\/\/lahora.mx\/index.php\/wp-json\/wp\/v2\/users\/4"}],"replies":[{"embeddable":true,"href":"https:\/\/lahora.mx\/index.php\/wp-json\/wp\/v2\/comments?post=18312"}],"version-history":[{"count":1,"href":"https:\/\/lahora.mx\/index.php\/wp-json\/wp\/v2\/posts\/18312\/revisions"}],"predecessor-version":[{"id":18314,"href":"https:\/\/lahora.mx\/index.php\/wp-json\/wp\/v2\/posts\/18312\/revisions\/18314"}],"wp:featuredmedia":[{"embeddable":true,"href":"https:\/\/lahora.mx\/index.php\/wp-json\/wp\/v2\/media\/18313"}],"wp:attachment":[{"href":"https:\/\/lahora.mx\/index.php\/wp-json\/wp\/v2\/media?parent=18312"}],"wp:term":[{"taxonomy":"category","embeddable":true,"href":"https:\/\/lahora.mx\/index.php\/wp-json\/wp\/v2\/categories?post=18312"},{"taxonomy":"post_tag","embeddable":true,"href":"https:\/\/lahora.mx\/index.php\/wp-json\/wp\/v2\/tags?post=18312"}],"curies":[{"name":"wp","href":"https:\/\/api.w.org\/{rel}","templated":true}]}}