{"id":18289,"date":"2022-12-19T02:52:19","date_gmt":"2022-12-19T02:52:19","guid":{"rendered":"http:\/\/lahora.mx\/?p=18289"},"modified":"2022-12-19T02:52:20","modified_gmt":"2022-12-19T02:52:20","slug":"sergio-salomon-hace-el-llamado-para-continuar-con-la-transformacion-de-puebla","status":"publish","type":"post","link":"https:\/\/lahora.mx\/index.php\/2022\/12\/19\/sergio-salomon-hace-el-llamado-para-continuar-con-la-transformacion-de-puebla\/","title":{"rendered":"Sergio Salom\u00f3n hace el llamado para continuar con la transformaci\u00f3n de Puebla"},"content":{"rendered":"\n<p>El mandatario estatal, Sergio Salom\u00f3n C\u00e9spedes Peregrina agradeci\u00f3 las muestras de apoyo y felicitaciones por su nuevo mandato, adem\u00e1s de reconocer la labor de los diputados locales en la designaci\u00f3n.<\/p>\n\n\n\n<p>Asimismo, dej\u00f3 en claro que se requiere de unidad para continuar con la transformaci\u00f3n de Puebla.<\/p>\n\n\n\n<p>Quiero agradecer de todo coraz\u00f3n a cada una de las personas que se han tomado el tiempo de felicitarme y darme sus mejores deseos para esta nueva etapa que inicia en mi carrera pol\u00edtica.<br>A pesar del duelo que atravieso en lo personal por la p\u00e9rdida de mi amigo y mentor, estas primeras horas y d\u00edas en esta alt\u00edsima responsabilidad, me hacen sentir comprometido con mi gente, con el entusiasmo de ir hacia adelante.<\/p>\n\n\n\n<p>Ratifico mi reconocimiento al Poder Legislativo, a las diputadas y diputados que, ante la adversidad, mantuvieron intacto el esp\u00edritu de la ley. Mi agradecimiento a cada uno de ustedes, se\u00f1oras y se\u00f1ores legisladores.<br>Mi llamado persiste a todas las poblanas y poblanos: manteng\u00e1monos unidos, tenemos un legado que cuidar y una transformaci\u00f3n que continuar. Hag\u00e1moslo Juntos por Puebla.<\/p>\n","protected":false},"excerpt":{"rendered":"<p>El mandatario estatal, Sergio Salom\u00f3n C\u00e9spedes Peregrina agradeci\u00f3 las muestras de apoyo y felicitaciones por su nuevo mandato, adem\u00e1s de reconocer la labor de los diputados locales en la designaci\u00f3n. Asimismo, dej\u00f3 en claro que se requiere de unidad para continuar con la transformaci\u00f3n de Puebla. Quiero agradecer de todo coraz\u00f3n a cada una de [&hellip;]<\/p>\n","protected":false},"author":4,"featured_media":18290,"comment_status":"open","ping_status":"open","sticky":false,"template":"","format":"standard","meta":{"om_disable_all_campaigns":false,"_monsterinsights_skip_tracking":false,"_monsterinsights_sitenote_active":false,"_monsterinsights_sitenote_note":"","_monsterinsights_sitenote_category":0,"footnotes":""},"categories":[175],"tags":[195,223],"class_list":["post-18289","post","type-post","status-publish","format-standard","has-post-thumbnail","hentry","category-local","tag-principal","tag-puebla"],"amp_enabled":true,"_links":{"self":[{"href":"https:\/\/lahora.mx\/index.php\/wp-json\/wp\/v2\/posts\/18289","targetHints":{"allow":["GET"]}}],"collection":[{"href":"https:\/\/lahora.mx\/index.php\/wp-json\/wp\/v2\/posts"}],"about":[{"href":"https:\/\/lahora.mx\/index.php\/wp-json\/wp\/v2\/types\/post"}],"author":[{"embeddable":true,"href":"https:\/\/lahora.mx\/index.php\/wp-json\/wp\/v2\/users\/4"}],"replies":[{"embeddable":true,"href":"https:\/\/lahora.mx\/index.php\/wp-json\/wp\/v2\/comments?post=18289"}],"version-history":[{"count":1,"href":"https:\/\/lahora.mx\/index.php\/wp-json\/wp\/v2\/posts\/18289\/revisions"}],"predecessor-version":[{"id":18291,"href":"https:\/\/lahora.mx\/index.php\/wp-json\/wp\/v2\/posts\/18289\/revisions\/18291"}],"wp:featuredmedia":[{"embeddable":true,"href":"https:\/\/lahora.mx\/index.php\/wp-json\/wp\/v2\/media\/18290"}],"wp:attachment":[{"href":"https:\/\/lahora.mx\/index.php\/wp-json\/wp\/v2\/media?parent=18289"}],"wp:term":[{"taxonomy":"category","embeddable":true,"href":"https:\/\/lahora.mx\/index.php\/wp-json\/wp\/v2\/categories?post=18289"},{"taxonomy":"post_tag","embeddable":true,"href":"https:\/\/lahora.mx\/index.php\/wp-json\/wp\/v2\/tags?post=18289"}],"curies":[{"name":"wp","href":"https:\/\/api.w.org\/{rel}","templated":true}]}}