{"id":18274,"date":"2022-12-19T02:18:05","date_gmt":"2022-12-19T02:18:05","guid":{"rendered":"http:\/\/lahora.mx\/?p=18274"},"modified":"2022-12-19T02:18:06","modified_gmt":"2022-12-19T02:18:06","slug":"silvano-aureoles-llama-a-conformar-mega-coalicion","status":"publish","type":"post","link":"https:\/\/lahora.mx\/index.php\/2022\/12\/19\/silvano-aureoles-llama-a-conformar-mega-coalicion\/","title":{"rendered":"Silvano Aureoles llama a conformar mega coalici\u00f3n"},"content":{"rendered":"\n<p>El aspirante del PRD a la presidencia de la Rep\u00fablica, Silvano Aureoles Conejo, se reuni\u00f3 con la militancia de Puebla para presentar su proyecto de gobierno y respaldar la alianza con el PAN y el PRI rumbo al 2024.<\/p>\n\n\n\n<p>En rueda de prensa, anunci\u00f3 que realizar\u00e1 una serie de recorridos al interior del estado para proponer la creaci\u00f3n de una mega coalici\u00f3n con Movimiento Ciudadano (MC), llamar a experredistas e invitar a perfiles que abandonen las filas de Morena.<br>Sin embargo, a pesar de que explic\u00f3 que acudir\u00eda a las cabeceras distritales federales, no supo mencionar a cu\u00e1ntas o cu\u00e1les acudir\u00e1.<\/p>\n\n\n\n<p>Explic\u00f3 que ser\u00e1 indispensable ampliar la alianza Va por M\u00e9xico tanto a nivel local como nacional, y abrirle la puerta a perfiles que quieran participar, ya sean militantes de los partidos o personas de la sociedad civil que quieran participar.<\/p>\n\n\n\n<p>Asimismo, destac\u00f3 que entre los perfiles de Morena que pueden sumarse al proyecto e incluso encabezarlo se encuentran el senador Ricardo Monreal \u00c1vila y el canciller Marcelo Ebrard Casaub\u00f3n.<\/p>\n\n\n\n<p><br>Tambi\u00e9n reconoci\u00f3 que tras la muerte del exgobernador Miguel Barbosa Huerta el panorama pol\u00edtico para las pr\u00f3ximas elecciones ser\u00e1 diferente, por lo que llam\u00f3 a su partido y a aliados a cerrar filas para recuperar la gubernatura de Puebla.<\/p>\n\n\n\n<p>En ese sentido y aunque no sab\u00eda qu\u00e9 cargo ostentaba antes de su designaci\u00f3n, confi\u00f3 en que el mandatario substituto Sergio Salom\u00f3n C\u00e9spedes Peregrina dar\u00e1 tranquilidad y gobernabilidad a la entidad mientras concluye la actual administraci\u00f3n.<\/p>\n","protected":false},"excerpt":{"rendered":"<p>El aspirante del PRD a la presidencia de la Rep\u00fablica, Silvano Aureoles Conejo, se reuni\u00f3 con la militancia de Puebla para presentar su proyecto de gobierno y respaldar la alianza con el PAN y el PRI rumbo al 2024. En rueda de prensa, anunci\u00f3 que realizar\u00e1 una serie de recorridos al interior del estado para [&hellip;]<\/p>\n","protected":false},"author":4,"featured_media":18275,"comment_status":"open","ping_status":"open","sticky":false,"template":"","format":"standard","meta":{"om_disable_all_campaigns":false,"_monsterinsights_skip_tracking":false,"_monsterinsights_sitenote_active":false,"_monsterinsights_sitenote_note":"","_monsterinsights_sitenote_category":0,"footnotes":""},"categories":[175,5],"tags":[128,223],"class_list":["post-18274","post","type-post","status-publish","format-standard","has-post-thumbnail","hentry","category-local","category-politica","tag-politics","tag-puebla"],"amp_enabled":true,"_links":{"self":[{"href":"https:\/\/lahora.mx\/index.php\/wp-json\/wp\/v2\/posts\/18274","targetHints":{"allow":["GET"]}}],"collection":[{"href":"https:\/\/lahora.mx\/index.php\/wp-json\/wp\/v2\/posts"}],"about":[{"href":"https:\/\/lahora.mx\/index.php\/wp-json\/wp\/v2\/types\/post"}],"author":[{"embeddable":true,"href":"https:\/\/lahora.mx\/index.php\/wp-json\/wp\/v2\/users\/4"}],"replies":[{"embeddable":true,"href":"https:\/\/lahora.mx\/index.php\/wp-json\/wp\/v2\/comments?post=18274"}],"version-history":[{"count":1,"href":"https:\/\/lahora.mx\/index.php\/wp-json\/wp\/v2\/posts\/18274\/revisions"}],"predecessor-version":[{"id":18276,"href":"https:\/\/lahora.mx\/index.php\/wp-json\/wp\/v2\/posts\/18274\/revisions\/18276"}],"wp:featuredmedia":[{"embeddable":true,"href":"https:\/\/lahora.mx\/index.php\/wp-json\/wp\/v2\/media\/18275"}],"wp:attachment":[{"href":"https:\/\/lahora.mx\/index.php\/wp-json\/wp\/v2\/media?parent=18274"}],"wp:term":[{"taxonomy":"category","embeddable":true,"href":"https:\/\/lahora.mx\/index.php\/wp-json\/wp\/v2\/categories?post=18274"},{"taxonomy":"post_tag","embeddable":true,"href":"https:\/\/lahora.mx\/index.php\/wp-json\/wp\/v2\/tags?post=18274"}],"curies":[{"name":"wp","href":"https:\/\/api.w.org\/{rel}","templated":true}]}}