{"id":18271,"date":"2022-12-19T02:08:40","date_gmt":"2022-12-19T02:08:40","guid":{"rendered":"http:\/\/lahora.mx\/?p=18271"},"modified":"2022-12-19T02:08:40","modified_gmt":"2022-12-19T02:08:40","slug":"en-el-limbo-revision-salarial-en-audi","status":"publish","type":"post","link":"https:\/\/lahora.mx\/index.php\/2022\/12\/19\/en-el-limbo-revision-salarial-en-audi\/","title":{"rendered":"En el limbo revisi\u00f3n salarial en Audi"},"content":{"rendered":"\n<p>La votaci\u00f3n se llev\u00f3 a cabo el 16 de diciembre, pero dados los resultados, se espera que el siguiente paso sea el emplazamiento a huelga, ya que los trabajadores de Audi no est\u00e1n de acuerdo con la propuesta del comit\u00e9 ejecutivo sindical.<\/p>\n\n\n\n<p>El Sindicato Independiente de Trabajadores de Audi de M\u00e9xico, no logr\u00f3 el convencimiento ante los trabajadores para ratificar el acuerdo de revisi\u00f3n que hab\u00eda acordado con la empresa de su contrato colectivo, en el que no s\u00f3lo se hablaba de la propia revisi\u00f3n anual; sino de cambiarla por una multianual.<\/p>\n\n\n\n<p>De acuerdo con los resultados, 4,002 trabajadores tuvieron derecho a emitir su voto.<\/p>\n\n\n\n<p>Seg\u00fan el padr\u00f3n que present\u00f3 la organizaci\u00f3n sindical, se emitieron un total de 3,604 votos; de los cuales 39 fueron nulos, mientras que 122 fueron a favor de la revisi\u00f3n para 2023; en tanto, 1,118 estaban de acuerdo con que la revisi\u00f3n se convirtiera en multianual, pero, 2,326 no estuvo de acuerdo con ninguna de las dos opciones.<\/p>\n\n\n\n<p>La votaci\u00f3n se llev\u00f3 a cabo el 16 de diciembre, pero dados los resultados, se espera que el siguiente paso sea el emplazamiento a huelga, ya que los trabajadores no est\u00e1n de acuerdo con la propuesta del comit\u00e9 ejecutivo sindical.<\/p>\n\n\n\n<p>Especialistas laborales mencionan que, las nuevas reglas de la reforma laboral, exigen que todos los acuerdos se sometan a votaci\u00f3n con los trabajadores, en los que pueden prestarse a mostrar el rechazo que hay con sus l\u00edderes sindicales, y no necesariamente con el convenio que fue presentado.<\/p>\n\n\n\n<p>Cabe se\u00f1alar que las propuestas que se presentaron a los trabajadores consideraban una de aplicaci\u00f3n \u00fanica e inmediata para 2023, con un incremento directo al salario de 8.4%, adem\u00e1s de un ajuste al salario de 2.6% para los a\u00f1os subsecuentes, hasta el 2026.<\/p>\n\n\n\n<p>Si bien se especific\u00f3 en la propuesta que ese incremento, para las revisiones multianuales depend\u00eda del comportamiento de la inflaci\u00f3n, a los trabajadores no les gust\u00f3, por lo que votaron en contra de todas las opciones que present\u00f3 el l\u00edder sindical C\u00e9sar Orta Briones.<\/p>\n\n\n\n<p>Esta votaci\u00f3n sienta un precedente para el proceso que debe seguir la organizaci\u00f3n sindical con el contrato colectivo de trabajo, pues tambi\u00e9n, como parte del proceso de legitimaci\u00f3n, debe someterlo a votaci\u00f3n a la totalidad de la base.<\/p>\n\n\n\n<p>En caso de que \u00e9ste tambi\u00e9n sea votado en contra, podr\u00eda darse por terminado y en todo caso puede llegar una nueva organizaci\u00f3n sindical de demandar la titularidad, o crearse un nuevo sindicato.<\/p>\n","protected":false},"excerpt":{"rendered":"<p>La votaci\u00f3n se llev\u00f3 a cabo el 16 de diciembre, pero dados los resultados, se espera que el siguiente paso sea el emplazamiento a huelga, ya que los trabajadores de Audi no est\u00e1n de acuerdo con la propuesta del comit\u00e9 ejecutivo sindical. El Sindicato Independiente de Trabajadores de Audi de M\u00e9xico, no logr\u00f3 el convencimiento [&hellip;]<\/p>\n","protected":false},"author":4,"featured_media":18272,"comment_status":"open","ping_status":"open","sticky":false,"template":"","format":"standard","meta":{"om_disable_all_campaigns":false,"_monsterinsights_skip_tracking":false,"_monsterinsights_sitenote_active":false,"_monsterinsights_sitenote_note":"","_monsterinsights_sitenote_category":0,"footnotes":""},"categories":[175],"tags":[195,223],"class_list":["post-18271","post","type-post","status-publish","format-standard","has-post-thumbnail","hentry","category-local","tag-principal","tag-puebla"],"amp_enabled":true,"_links":{"self":[{"href":"https:\/\/lahora.mx\/index.php\/wp-json\/wp\/v2\/posts\/18271","targetHints":{"allow":["GET"]}}],"collection":[{"href":"https:\/\/lahora.mx\/index.php\/wp-json\/wp\/v2\/posts"}],"about":[{"href":"https:\/\/lahora.mx\/index.php\/wp-json\/wp\/v2\/types\/post"}],"author":[{"embeddable":true,"href":"https:\/\/lahora.mx\/index.php\/wp-json\/wp\/v2\/users\/4"}],"replies":[{"embeddable":true,"href":"https:\/\/lahora.mx\/index.php\/wp-json\/wp\/v2\/comments?post=18271"}],"version-history":[{"count":1,"href":"https:\/\/lahora.mx\/index.php\/wp-json\/wp\/v2\/posts\/18271\/revisions"}],"predecessor-version":[{"id":18273,"href":"https:\/\/lahora.mx\/index.php\/wp-json\/wp\/v2\/posts\/18271\/revisions\/18273"}],"wp:featuredmedia":[{"embeddable":true,"href":"https:\/\/lahora.mx\/index.php\/wp-json\/wp\/v2\/media\/18272"}],"wp:attachment":[{"href":"https:\/\/lahora.mx\/index.php\/wp-json\/wp\/v2\/media?parent=18271"}],"wp:term":[{"taxonomy":"category","embeddable":true,"href":"https:\/\/lahora.mx\/index.php\/wp-json\/wp\/v2\/categories?post=18271"},{"taxonomy":"post_tag","embeddable":true,"href":"https:\/\/lahora.mx\/index.php\/wp-json\/wp\/v2\/tags?post=18271"}],"curies":[{"name":"wp","href":"https:\/\/api.w.org\/{rel}","templated":true}]}}