{"id":18265,"date":"2022-12-19T01:55:35","date_gmt":"2022-12-19T01:55:35","guid":{"rendered":"http:\/\/lahora.mx\/?p=18265"},"modified":"2022-12-19T01:55:35","modified_gmt":"2022-12-19T01:55:35","slug":"una-pipa-se-vuelca-e-incendia-cargada-de-diesel-en-el-arco-norte","status":"publish","type":"post","link":"https:\/\/lahora.mx\/index.php\/2022\/12\/19\/una-pipa-se-vuelca-e-incendia-cargada-de-diesel-en-el-arco-norte\/","title":{"rendered":"Una pipa se vuelca e incendia cargada de di\u00e9sel en el Arco Norte"},"content":{"rendered":"\n<p>Los cuerpos de emergencia y seguridad de Tlaxcala montaron un amplio operativo en la autopista del Arco Norte tras la volcadura e incendio de una pipa cargada con di\u00e9sel.<\/p>\n\n\n\n<p>En la zona ya est\u00e1n laborando Bomberos y elementos de Caminos y Vialidad de la Polic\u00eda Estatal de Tlaxcala, adem\u00e1s de la Guardia Nacional. El percance se localiza muy cerca del municipio de Sanct\u00f3rum y hasta ahora se desconoce si hay personas lesionadas o v\u00edctimas.<br>A las labores para controlar las llamas tambi\u00e9n se uni\u00f3 personal de la Cruz Roja Mexicana delegaci\u00f3n estatal Tlaxcala.<\/p>\n\n\n\n<p>Este es el segundo accidente en menos de diez d\u00edas que involucra a una pipa cargada de di\u00e9sel, pues el s\u00e1bado 10 de diciembre tambi\u00e9n se report\u00f3 un hecho similar. En esa ocasi\u00f3n fueron dos tanques los que se voltearon y despu\u00e9s se incendiaron, situaci\u00f3n que provoc\u00f3 el cierre por varias horas de esta importante autopista.<\/p>\n\n\n\n<p>Hasta ahora no se tiene precis\u00f3 qu\u00e9 motiv\u00f3 los accidentes, sin embargo los elementos de la Secretar\u00eda de Seguridad Ciudadana (SSC) han adelantado que las autoridades correspondientes iniciar\u00e1n una investigaci\u00f3n.<\/p>\n","protected":false},"excerpt":{"rendered":"<p>Los cuerpos de emergencia y seguridad de Tlaxcala montaron un amplio operativo en la autopista del Arco Norte tras la volcadura e incendio de una pipa cargada con di\u00e9sel. En la zona ya est\u00e1n laborando Bomberos y elementos de Caminos y Vialidad de la Polic\u00eda Estatal de Tlaxcala, adem\u00e1s de la Guardia Nacional. El percance [&hellip;]<\/p>\n","protected":false},"author":4,"featured_media":18266,"comment_status":"open","ping_status":"open","sticky":false,"template":"","format":"standard","meta":{"om_disable_all_campaigns":false,"_monsterinsights_skip_tracking":false,"_monsterinsights_sitenote_active":false,"_monsterinsights_sitenote_note":"","_monsterinsights_sitenote_category":0,"footnotes":""},"categories":[175],"tags":[223,210],"class_list":["post-18265","post","type-post","status-publish","format-standard","has-post-thumbnail","hentry","category-local","tag-puebla","tag-tlaxcala"],"amp_enabled":true,"_links":{"self":[{"href":"https:\/\/lahora.mx\/index.php\/wp-json\/wp\/v2\/posts\/18265","targetHints":{"allow":["GET"]}}],"collection":[{"href":"https:\/\/lahora.mx\/index.php\/wp-json\/wp\/v2\/posts"}],"about":[{"href":"https:\/\/lahora.mx\/index.php\/wp-json\/wp\/v2\/types\/post"}],"author":[{"embeddable":true,"href":"https:\/\/lahora.mx\/index.php\/wp-json\/wp\/v2\/users\/4"}],"replies":[{"embeddable":true,"href":"https:\/\/lahora.mx\/index.php\/wp-json\/wp\/v2\/comments?post=18265"}],"version-history":[{"count":1,"href":"https:\/\/lahora.mx\/index.php\/wp-json\/wp\/v2\/posts\/18265\/revisions"}],"predecessor-version":[{"id":18267,"href":"https:\/\/lahora.mx\/index.php\/wp-json\/wp\/v2\/posts\/18265\/revisions\/18267"}],"wp:featuredmedia":[{"embeddable":true,"href":"https:\/\/lahora.mx\/index.php\/wp-json\/wp\/v2\/media\/18266"}],"wp:attachment":[{"href":"https:\/\/lahora.mx\/index.php\/wp-json\/wp\/v2\/media?parent=18265"}],"wp:term":[{"taxonomy":"category","embeddable":true,"href":"https:\/\/lahora.mx\/index.php\/wp-json\/wp\/v2\/categories?post=18265"},{"taxonomy":"post_tag","embeddable":true,"href":"https:\/\/lahora.mx\/index.php\/wp-json\/wp\/v2\/tags?post=18265"}],"curies":[{"name":"wp","href":"https:\/\/api.w.org\/{rel}","templated":true}]}}