{"id":18262,"date":"2022-12-19T01:51:17","date_gmt":"2022-12-19T01:51:17","guid":{"rendered":"http:\/\/lahora.mx\/?p=18262"},"modified":"2022-12-19T01:51:18","modified_gmt":"2022-12-19T01:51:18","slug":"arzobispo-le-pide-a-gobernador-cespedes-garantizar-seguridad-en-puebla","status":"publish","type":"post","link":"https:\/\/lahora.mx\/index.php\/2022\/12\/19\/arzobispo-le-pide-a-gobernador-cespedes-garantizar-seguridad-en-puebla\/","title":{"rendered":"Arzobispo le pide a gobernador C\u00e9spedes garantizar seguridad en Puebla"},"content":{"rendered":"\n<p>El arzobispo de Puebla, V\u00edctor S\u00e1nchez Espinosa, pidi\u00f3 al gobernador Sergio Salom\u00f3n C\u00e9spedes Peregrina enfocar sus esfuerzos para garantizar la seguridad en todo el estado.<\/p>\n\n\n\n<p>Al concluir su misa dominical, S\u00e1nchez Espinosa lament\u00f3 el fallecimiento del exgobernador Miguel Barbosa Huerta, por quien ofreci\u00f3 una oraci\u00f3n por su eterno descanso.<br>El representante de la iglesia cat\u00f3lica en Puebla se\u00f1al\u00f3 que una de las prioridades en las que deber\u00e1 trabajar el nuevo mandatario estatal es el combate a la delincuencia para garantizar la seguridad y paz en Puebla.<\/p>\n\n\n\n<p>Argument\u00f3 que, para ello todos los sectores de la sociedad deben estar dispuestos a \u00abponer su granito de arena\u00bb.<\/p>\n\n\n\n<p>Por lo anterior, respald\u00f3 la designaci\u00f3n de C\u00e9spedes Peregrina como gobernador substituto, a quien le dese\u00f3 un buen trabajo para lo que resta de la administraci\u00f3n estatal.<\/p>\n\n\n\n<p>As\u00ed mismo, el arzobispo dijo estar dispuesto a sumar y colaborar con Sergio Salom\u00f3n a fin de garantizar la paz, la estabilidad y la armon\u00eda del estado.<\/p>\n","protected":false},"excerpt":{"rendered":"<p>El arzobispo de Puebla, V\u00edctor S\u00e1nchez Espinosa, pidi\u00f3 al gobernador Sergio Salom\u00f3n C\u00e9spedes Peregrina enfocar sus esfuerzos para garantizar la seguridad en todo el estado. Al concluir su misa dominical, S\u00e1nchez Espinosa lament\u00f3 el fallecimiento del exgobernador Miguel Barbosa Huerta, por quien ofreci\u00f3 una oraci\u00f3n por su eterno descanso.El representante de la iglesia cat\u00f3lica en [&hellip;]<\/p>\n","protected":false},"author":4,"featured_media":18263,"comment_status":"open","ping_status":"open","sticky":false,"template":"","format":"standard","meta":{"om_disable_all_campaigns":false,"_monsterinsights_skip_tracking":false,"_monsterinsights_sitenote_active":false,"_monsterinsights_sitenote_note":"","_monsterinsights_sitenote_category":0,"footnotes":""},"categories":[175],"tags":[223],"class_list":["post-18262","post","type-post","status-publish","format-standard","has-post-thumbnail","hentry","category-local","tag-puebla"],"amp_enabled":true,"_links":{"self":[{"href":"https:\/\/lahora.mx\/index.php\/wp-json\/wp\/v2\/posts\/18262","targetHints":{"allow":["GET"]}}],"collection":[{"href":"https:\/\/lahora.mx\/index.php\/wp-json\/wp\/v2\/posts"}],"about":[{"href":"https:\/\/lahora.mx\/index.php\/wp-json\/wp\/v2\/types\/post"}],"author":[{"embeddable":true,"href":"https:\/\/lahora.mx\/index.php\/wp-json\/wp\/v2\/users\/4"}],"replies":[{"embeddable":true,"href":"https:\/\/lahora.mx\/index.php\/wp-json\/wp\/v2\/comments?post=18262"}],"version-history":[{"count":1,"href":"https:\/\/lahora.mx\/index.php\/wp-json\/wp\/v2\/posts\/18262\/revisions"}],"predecessor-version":[{"id":18264,"href":"https:\/\/lahora.mx\/index.php\/wp-json\/wp\/v2\/posts\/18262\/revisions\/18264"}],"wp:featuredmedia":[{"embeddable":true,"href":"https:\/\/lahora.mx\/index.php\/wp-json\/wp\/v2\/media\/18263"}],"wp:attachment":[{"href":"https:\/\/lahora.mx\/index.php\/wp-json\/wp\/v2\/media?parent=18262"}],"wp:term":[{"taxonomy":"category","embeddable":true,"href":"https:\/\/lahora.mx\/index.php\/wp-json\/wp\/v2\/categories?post=18262"},{"taxonomy":"post_tag","embeddable":true,"href":"https:\/\/lahora.mx\/index.php\/wp-json\/wp\/v2\/tags?post=18262"}],"curies":[{"name":"wp","href":"https:\/\/api.w.org\/{rel}","templated":true}]}}