{"id":18254,"date":"2022-12-18T20:11:49","date_gmt":"2022-12-18T20:11:49","guid":{"rendered":"http:\/\/lahora.mx\/?p=18254"},"modified":"2022-12-18T20:11:50","modified_gmt":"2022-12-18T20:11:50","slug":"la-gobernadora-lorena-cuellar-consolidara-la-ciudad-de-la-salud","status":"publish","type":"post","link":"https:\/\/lahora.mx\/index.php\/2022\/12\/18\/la-gobernadora-lorena-cuellar-consolidara-la-ciudad-de-la-salud\/","title":{"rendered":"La gobernadora Lorena Cu\u00e9llar consolidar\u00e1  la Ciudad de la Salud"},"content":{"rendered":"\n<p>El pr\u00f3ximo a\u00f1o, adem\u00e1s de reforzar la seguridad p\u00fablica, la gobernadora Lorena Cu\u00e9llar Cisneros priorizar\u00e1 a la salud como un eje importante de su administraci\u00f3n, y una de las acciones que ha proyectado es la consolidaci\u00f3n de la Ciudad de la Salud, en San Mat\u00edas Tepetomatitl\u00e1n, municipio de Apetatitl\u00e1n.<\/p>\n\n\n\n<p>Proponen reformar la ley de adultos mayores<br>Ese espacio que actualmente alberga varias unidades m\u00e9dicas en el estado fue creado hace aproximadamente 15 a\u00f1os, y para el siguiente ejercicio fiscal la gobernadora Lorena Cu\u00e9llar Cisneros ha planteado incrementar la infraestructura, pues su compromiso es garantizar el derecho a la salud y una atenci\u00f3n de calidad.<\/p>\n\n\n\n<p>Seguiremos trabajando para impulsar todas las acciones en materia de salud porque nos faltan muchos temas que abordar, queremos que est\u00e9n equipados todos los centros de salud y los hospitales, esos son temas tan importantes como el cuidado del medio ambiente porque si no tenemos un ambiente sano eso nos afecta a la salud, expres\u00f3 en entrevista.<\/p>\n\n\n\n<p>Aceptar\u00e1 UATx al 90 % de aspirantes<br>Para el siguiente ejercicio fiscal, la administraci\u00f3n estatal proyecta la culminar la edificaci\u00f3n de la Unidad de Especialidad M\u00e9dica en Hemodinamia, un centro para la atenci\u00f3n de tlaxcaltecas con alguna afecci\u00f3n en el coraz\u00f3n, que contar\u00e1 con sala de procedimientos, sala de choque, de observaci\u00f3n, de espera, sanitarios, consultorios de valoraci\u00f3n, acceso de ambulancias, la casa de m\u00e1quinas, la planta de tratamiento, subestaci\u00f3n y planta de emergencia.<\/p>\n\n\n\n<p>En noviembre pasado arranc\u00f3 la construcci\u00f3n del Centro de Rehabilitaci\u00f3n Integral Telet\u00f3n (CRIT) en el estado de Tlaxcala, que brindar\u00e1 servicios de terapia f\u00edsica, audiolog\u00eda e hidroterapia, as\u00ed como acceso a ortesis y pr\u00f3tesis para los pacientes.<\/p>\n\n\n\n<p>El inmueble cuya edificaci\u00f3n terminar\u00e1 el pr\u00f3ximo a\u00f1o contar\u00e1 con consultorios para terapia emocional, \u00e1reas de espera y de convivencia familiar, \u00e1reas comunes, estacionamiento y cuarto de m\u00e1quinas.<\/p>\n\n\n\n<p>Otro proyecto anunciado por Cu\u00e9llar Cisneros, y que quedar\u00e1 consolidado el siguiente a\u00f1o, es el Albergue para Familiares de Pacientes, un espacio para dar asilo a personas que esperan indicaciones o noticias de sus familiares internados en alg\u00fan hospital de la zona.<\/p>\n\n\n\n<p>Dicho espacio tendr\u00e1 capacidad para dar servicio a 64 personas por noche, habr\u00e1 dos dormitorios en cada planta, con 32 camas para mujeres y 32 para hombres; y contar\u00e1 con comedor y cocina.<\/p>\n\n\n\n<p>En la llamada Ciudad de la Salud tambi\u00e9n ha sido proyectada la construcci\u00f3n de un helipuerto para albergar a la ambulancia a\u00e9rea que tiene el gobierno estatal, pues la intenci\u00f3n es que la unidad est\u00e9 disponible para atender emergencias y los posibles trasplantes.<\/p>\n\n\n\n<p>A su llegada al gobierno estatal, Cu\u00e9llar Cisneros construy\u00f3 el Complejo de Atenci\u00f3n Especializada en Salud y Bienestar, que incluye la unidad especializada de hemodi\u00e1lisis y la unidad de cirug\u00eda ambulatoria para la atenci\u00f3n de pacientes renales y los que requieren alguna cirug\u00eda pero estaban en lista de espera a causa de la pandemia por Covid-19, respectivamente.<\/p>\n\n\n\n<p>Hace algunos meses, autoridades federales y estatales inauguraron el Hospital General Lic. Anselmo Cervantes Hern\u00e1ndez, que opera bajo el modelo IMSS-Bienestar, y cuya edificaci\u00f3n inici\u00f3 en octubre de 2018, con una capacidad para 90 camas censables, en beneficio de 429 mil personas sin seguridad social.<\/p>\n\n\n\n<p>El Hospital Infantil de Tlaxcala brinda atenci\u00f3n integral a los ni\u00f1os de la entidad, a trav\u00e9s de diferentes servicios m\u00e9dicos y de alta especialidad.<\/p>\n\n\n\n<p>Y a ese nosocomio se suman otros como el Hospital de la Mujer de Tlaxcala que, entre otros, ofrece servicios integrales de obstetricia y ginecolog\u00eda, y atenci\u00f3n especializada antes, durante y despu\u00e9s del parto, y que el pr\u00f3ximo a\u00f1o ser\u00e1 rehabilitado.<\/p>\n\n\n\n<p>Rehabilitar\u00e1n acceso a capilla de Tepeticpac<br>Tambi\u00e9n est\u00e1 la Unidad de Especialidades M\u00e9dicas para la Detecci\u00f3n y Diagn\u00f3stico del C\u00e1ncer de Mama y el Centro Estatal de Transfusi\u00f3n Sangu\u00ednea, unidad que recibe donaciones y da cobertura a los requerimientos de sangre, derivados y compuestos.<\/p>\n\n\n\n<p>Tambi\u00e9n est\u00e1 el Instituto Tlaxcalteca de Asistencia Especializada a la Salud que proporciona diagn\u00f3stico m\u00e9dico con equipos biom\u00e9dicos de alta tecnolog\u00eda y personal especializado.<\/p>\n\n\n\n<p>A eso se suma la Unidad B\u00e1sica de Rehabilitaci\u00f3n, que da servicio a las personas que requieren de terapias f\u00edsicas de especialidad, y el Instituto de Oftalmolog\u00eda Conde de Valenciana, cl\u00ednica destinada para la atenci\u00f3n de enfermedades visuales.<\/p>\n","protected":false},"excerpt":{"rendered":"<p>El pr\u00f3ximo a\u00f1o, adem\u00e1s de reforzar la seguridad p\u00fablica, la gobernadora Lorena Cu\u00e9llar Cisneros priorizar\u00e1 a la salud como un eje importante de su administraci\u00f3n, y una de las acciones que ha proyectado es la consolidaci\u00f3n de la Ciudad de la Salud, en San Mat\u00edas Tepetomatitl\u00e1n, municipio de Apetatitl\u00e1n. Proponen reformar la ley de adultos [&hellip;]<\/p>\n","protected":false},"author":4,"featured_media":18255,"comment_status":"open","ping_status":"open","sticky":false,"template":"","format":"standard","meta":{"om_disable_all_campaigns":false,"_monsterinsights_skip_tracking":false,"_monsterinsights_sitenote_active":false,"_monsterinsights_sitenote_note":"","_monsterinsights_sitenote_category":0,"footnotes":""},"categories":[175],"tags":[223,210],"class_list":["post-18254","post","type-post","status-publish","format-standard","has-post-thumbnail","hentry","category-local","tag-puebla","tag-tlaxcala"],"amp_enabled":true,"_links":{"self":[{"href":"https:\/\/lahora.mx\/index.php\/wp-json\/wp\/v2\/posts\/18254","targetHints":{"allow":["GET"]}}],"collection":[{"href":"https:\/\/lahora.mx\/index.php\/wp-json\/wp\/v2\/posts"}],"about":[{"href":"https:\/\/lahora.mx\/index.php\/wp-json\/wp\/v2\/types\/post"}],"author":[{"embeddable":true,"href":"https:\/\/lahora.mx\/index.php\/wp-json\/wp\/v2\/users\/4"}],"replies":[{"embeddable":true,"href":"https:\/\/lahora.mx\/index.php\/wp-json\/wp\/v2\/comments?post=18254"}],"version-history":[{"count":1,"href":"https:\/\/lahora.mx\/index.php\/wp-json\/wp\/v2\/posts\/18254\/revisions"}],"predecessor-version":[{"id":18256,"href":"https:\/\/lahora.mx\/index.php\/wp-json\/wp\/v2\/posts\/18254\/revisions\/18256"}],"wp:featuredmedia":[{"embeddable":true,"href":"https:\/\/lahora.mx\/index.php\/wp-json\/wp\/v2\/media\/18255"}],"wp:attachment":[{"href":"https:\/\/lahora.mx\/index.php\/wp-json\/wp\/v2\/media?parent=18254"}],"wp:term":[{"taxonomy":"category","embeddable":true,"href":"https:\/\/lahora.mx\/index.php\/wp-json\/wp\/v2\/categories?post=18254"},{"taxonomy":"post_tag","embeddable":true,"href":"https:\/\/lahora.mx\/index.php\/wp-json\/wp\/v2\/tags?post=18254"}],"curies":[{"name":"wp","href":"https:\/\/api.w.org\/{rel}","templated":true}]}}