{"id":18240,"date":"2022-12-18T19:45:51","date_gmt":"2022-12-18T19:45:51","guid":{"rendered":"http:\/\/lahora.mx\/?p=18240"},"modified":"2022-12-18T19:45:52","modified_gmt":"2022-12-18T19:45:52","slug":"argentina-por-mandato-divino-reitera-lopez-obrador-tras-la-victoria-del-equipo-argentina","status":"publish","type":"post","link":"https:\/\/lahora.mx\/index.php\/2022\/12\/18\/argentina-por-mandato-divino-reitera-lopez-obrador-tras-la-victoria-del-equipo-argentina\/","title":{"rendered":"Argentina por mandato divino, reitera L\u00f3pez Obrador tras la victoria del equipo argentina"},"content":{"rendered":"\n<p>iiComo si se tratara de un presagio, quince minutos antes de que Argentina conquistara la Copa del Mundo en Qatar 2022, el presidente Andr\u00e9s Manuel L\u00f3pez Obrador comparti\u00f3 a trav\u00e9s de su cuenta de Twitter un mensaje en que ratificaba que su favorita era la Albiceleste.<\/p>\n\n\n\n<p>Un d\u00eda antes L\u00f3pez Obrador revel\u00f3 que va con Argentina en la final de la Copa del Mundo que se celebrar\u00e1 ma\u00f1ana cuando el equipo albiazul enfrente a su similar de Francia en el Mundial de Qatar 2022.<\/p>\n\n\n\n<p>A trav\u00e9s de sus redes sociales el mandatario expres\u00f3 que el triunfo de Argentina ser\u00eda un homenaje al Che, a Maradona, Messi y a su pueblo.<\/p>\n\n\n\n<p>En primer lugar, porque ser\u00eda un homenaje a Maradona, deportista m\u00e1s comprometido con los cambios sociales y pol\u00edticos en Am\u00e9rica Latina y Mundo. Nos ayud\u00f3 mucho cuando triunf\u00e9 por decisi\u00f3n del Pueblo de M\u00e9xico\u201d, expres\u00f3.<\/p>\n\n\n\n<p>L\u00f3pez Obrador dijo, adem\u00e1s que le gustar\u00eda que Argentina se coronar\u00e1 campe\u00f3n del mundo por que es un pa\u00eds que pertenece al continente, y \u201ccomo dijo Jos\u00e9 Mart\u00ed, nuestra Am\u00e9rica; somos hermanos, latinoamericanos\u201d<\/p>\n","protected":false},"excerpt":{"rendered":"<p>iiComo si se tratara de un presagio, quince minutos antes de que Argentina conquistara la Copa del Mundo en Qatar 2022, el presidente Andr\u00e9s Manuel L\u00f3pez Obrador comparti\u00f3 a trav\u00e9s de su cuenta de Twitter un mensaje en que ratificaba que su favorita era la Albiceleste. Un d\u00eda antes L\u00f3pez Obrador revel\u00f3 que va con [&hellip;]<\/p>\n","protected":false},"author":4,"featured_media":18241,"comment_status":"open","ping_status":"open","sticky":false,"template":"","format":"standard","meta":{"om_disable_all_campaigns":false,"_monsterinsights_skip_tracking":false,"_monsterinsights_sitenote_active":false,"_monsterinsights_sitenote_note":"","_monsterinsights_sitenote_category":0,"footnotes":""},"categories":[176],"tags":[],"class_list":["post-18240","post","type-post","status-publish","format-standard","has-post-thumbnail","hentry","category-nacional"],"amp_enabled":true,"_links":{"self":[{"href":"https:\/\/lahora.mx\/index.php\/wp-json\/wp\/v2\/posts\/18240","targetHints":{"allow":["GET"]}}],"collection":[{"href":"https:\/\/lahora.mx\/index.php\/wp-json\/wp\/v2\/posts"}],"about":[{"href":"https:\/\/lahora.mx\/index.php\/wp-json\/wp\/v2\/types\/post"}],"author":[{"embeddable":true,"href":"https:\/\/lahora.mx\/index.php\/wp-json\/wp\/v2\/users\/4"}],"replies":[{"embeddable":true,"href":"https:\/\/lahora.mx\/index.php\/wp-json\/wp\/v2\/comments?post=18240"}],"version-history":[{"count":1,"href":"https:\/\/lahora.mx\/index.php\/wp-json\/wp\/v2\/posts\/18240\/revisions"}],"predecessor-version":[{"id":18242,"href":"https:\/\/lahora.mx\/index.php\/wp-json\/wp\/v2\/posts\/18240\/revisions\/18242"}],"wp:featuredmedia":[{"embeddable":true,"href":"https:\/\/lahora.mx\/index.php\/wp-json\/wp\/v2\/media\/18241"}],"wp:attachment":[{"href":"https:\/\/lahora.mx\/index.php\/wp-json\/wp\/v2\/media?parent=18240"}],"wp:term":[{"taxonomy":"category","embeddable":true,"href":"https:\/\/lahora.mx\/index.php\/wp-json\/wp\/v2\/categories?post=18240"},{"taxonomy":"post_tag","embeddable":true,"href":"https:\/\/lahora.mx\/index.php\/wp-json\/wp\/v2\/tags?post=18240"}],"curies":[{"name":"wp","href":"https:\/\/api.w.org\/{rel}","templated":true}]}}