{"id":18237,"date":"2022-12-18T19:09:22","date_gmt":"2022-12-18T19:09:22","guid":{"rendered":"http:\/\/lahora.mx\/?p=18237"},"modified":"2022-12-18T19:09:22","modified_gmt":"2022-12-18T19:09:22","slug":"aumenta-los-casos-de-covid-19-influenza-y-virus-sincitial","status":"publish","type":"post","link":"https:\/\/lahora.mx\/index.php\/2022\/12\/18\/aumenta-los-casos-de-covid-19-influenza-y-virus-sincitial\/","title":{"rendered":"Aumenta los casos de Covid-19, influenza y virus sincitial"},"content":{"rendered":"\n<p>Durante las \u00faltimas semanas, en M\u00e9xico se han incrementado los casos de esas tres enfermedades; parece ser el inicio de la sexta ola de la pandemia; expertos cuestionan la limitada cobertura de vacunaci\u00f3n, tanto para prevenir influenza, como coronavirus, que es para las que existen vacunas.<\/p>\n\n\n\n<p>En lo que va de la actual temporada de influenza estacional en M\u00e9xico, se han confirmado m\u00e1s casos de las diferentes variantes de esa enfermedad que los registrados a estas fechas de las cinco temporadas anteriores. Adem\u00e1s, durante las \u00faltimas seis semanas, se registra un incremento, aunque lento, en el n\u00famero de casos de Covid-19, en lo que parece ser la sexta ola de la pandemia en el pa\u00eds.<\/p>\n\n\n\n<p>Si bien es un escenario que se esperaba desde meses atr\u00e1s, ante el descenso en las temperaturas, propias del invierno \u2014aunque estrictamente esta estaci\u00f3n del a\u00f1o comienza el pr\u00f3ximo mi\u00e9rcoles 21 de diciembre\u2014, existe el riesgo de que se disparen los contagios y la demanda de servicios m\u00e9dicos, debido a que, seg\u00fan algunos especialistas, el pa\u00eds no se prepar\u00f3 correctamente para enfrentar esta situaci\u00f3n.<\/p>\n\n\n\n<p>Actualmente confluyen en el territorio nacional, tres tipos de virus que son el de influenza, con tres variantes (AH3N2, A no Subtipificable, AH1N1 y B); alrededor de cinco de coronavirus (incluido el SARS-CoV-2) y el Virus Sincitial Respiratorio (VSR), que ataca principalmente a beb\u00e9s.<\/p>\n\n\n\n<p>Mauricio Rodr\u00edguez \u00c1lvarez, integrante de la Comisi\u00f3n Universitaria para la Atenci\u00f3n de la Emergencia Coronavirus de la UNAM, coment\u00f3 que una de las hip\u00f3tesis que se manejan es que esta temporada habr\u00e1 m\u00e1s casos de ese tipo de enfermedades, debido a que buena parte de la poblaci\u00f3n estuvo resguardada en sus casas y no hubo interacci\u00f3n y, por lo tanto, ocurrieron menos contagios en las dos temporadas anteriores, lo cual redundar\u00e1 en una disminuci\u00f3n de la llamada inmunidad de reba\u00f1o.<\/p>\n\n\n\n<p>Dijo que, si bien, es posible que a una persona le den dos o tres infecciones al mismo tiempo, por ejemplo que contraiga el virus de la influenza y el de Covid-19, no es lo que ocurre en la mayor\u00eda de los casos, porque cuando un virus comienza a infectar a una persona, el cuerpo genera defensas que impiden que otros lleguen en ese momento.<\/p>\n\n\n\n<p>El tema delicado \u2014destac\u00f3\u2014 en esta temporada es que muchas personas requieran al mismo tiempo medicamentos, consulta, atenci\u00f3n m\u00e9dica, aunque sea ambulatoria, ir a un consultorio privado o a una unidad de medicina familiar de alguna instituci\u00f3n que sea derechohabiente o los centros de salud.<\/p>\n\n\n\n<p>Adem\u00e1s, puede provocar cierto desabasto temporal de algunos medicamentos, o uso inadecuado de algunos que tienen toxicidad potencialmente grave como la hidroxicloroquina, la dexametazona o los anticoagulantes, que la gente se los empieza a tomar o muchos m\u00e9dicos los siguen recetando para el manejo de Covid-19 ambulatorio y no est\u00e1 indicado.<\/p>\n","protected":false},"excerpt":{"rendered":"<p>Durante las \u00faltimas semanas, en M\u00e9xico se han incrementado los casos de esas tres enfermedades; parece ser el inicio de la sexta ola de la pandemia; expertos cuestionan la limitada cobertura de vacunaci\u00f3n, tanto para prevenir influenza, como coronavirus, que es para las que existen vacunas. En lo que va de la actual temporada de [&hellip;]<\/p>\n","protected":false},"author":4,"featured_media":18238,"comment_status":"open","ping_status":"open","sticky":false,"template":"","format":"standard","meta":{"om_disable_all_campaigns":false,"_monsterinsights_skip_tracking":false,"_monsterinsights_sitenote_active":false,"_monsterinsights_sitenote_note":"","_monsterinsights_sitenote_category":0,"footnotes":""},"categories":[176],"tags":[223],"class_list":["post-18237","post","type-post","status-publish","format-standard","has-post-thumbnail","hentry","category-nacional","tag-puebla"],"amp_enabled":true,"_links":{"self":[{"href":"https:\/\/lahora.mx\/index.php\/wp-json\/wp\/v2\/posts\/18237","targetHints":{"allow":["GET"]}}],"collection":[{"href":"https:\/\/lahora.mx\/index.php\/wp-json\/wp\/v2\/posts"}],"about":[{"href":"https:\/\/lahora.mx\/index.php\/wp-json\/wp\/v2\/types\/post"}],"author":[{"embeddable":true,"href":"https:\/\/lahora.mx\/index.php\/wp-json\/wp\/v2\/users\/4"}],"replies":[{"embeddable":true,"href":"https:\/\/lahora.mx\/index.php\/wp-json\/wp\/v2\/comments?post=18237"}],"version-history":[{"count":1,"href":"https:\/\/lahora.mx\/index.php\/wp-json\/wp\/v2\/posts\/18237\/revisions"}],"predecessor-version":[{"id":18239,"href":"https:\/\/lahora.mx\/index.php\/wp-json\/wp\/v2\/posts\/18237\/revisions\/18239"}],"wp:featuredmedia":[{"embeddable":true,"href":"https:\/\/lahora.mx\/index.php\/wp-json\/wp\/v2\/media\/18238"}],"wp:attachment":[{"href":"https:\/\/lahora.mx\/index.php\/wp-json\/wp\/v2\/media?parent=18237"}],"wp:term":[{"taxonomy":"category","embeddable":true,"href":"https:\/\/lahora.mx\/index.php\/wp-json\/wp\/v2\/categories?post=18237"},{"taxonomy":"post_tag","embeddable":true,"href":"https:\/\/lahora.mx\/index.php\/wp-json\/wp\/v2\/tags?post=18237"}],"curies":[{"name":"wp","href":"https:\/\/api.w.org\/{rel}","templated":true}]}}