{"id":18231,"date":"2022-12-17T20:22:13","date_gmt":"2022-12-17T20:22:13","guid":{"rendered":"http:\/\/lahora.mx\/?p=18231"},"modified":"2022-12-17T20:22:14","modified_gmt":"2022-12-17T20:22:14","slug":"fue-un-atentado-directo-contra-ciro-gomez-leyva-confirma-omar-garcia-harfuch","status":"publish","type":"post","link":"https:\/\/lahora.mx\/index.php\/2022\/12\/17\/fue-un-atentado-directo-contra-ciro-gomez-leyva-confirma-omar-garcia-harfuch\/","title":{"rendered":"Fue un atentado directo contra Ciro G\u00f3mez Leyva; confirma Omar Garc\u00eda Harfuch"},"content":{"rendered":"\n<p>La agresi\u00f3n a balazos contra Ciro G\u00f3mez Leyva, periodista y conductor de Imagen Televisi\u00f3n, no fue un hecho aislado, sino un ataque que buscaba asesinarlo.<\/p>\n\n\n\n<p>Hablamos de un hecho espec\u00edfico, concreto contra \u00e9l, de atentar contra su vida\u201d, dijo Omar Garc\u00eda Harfuch.<\/p>\n\n\n\n<p>En conferencia, el secretario de Seguridad Ciudadana de la CDMX inform\u00f3 que los sicarios siguieron a G\u00f3mez Leyva desde que sali\u00f3 de las instalaciones de Grupo Imagen, la noche del jueves. Dos viajaban en una moto y otros en un autom\u00f3vil. El que iba en la parte trasera de la moto dispar\u00f3 contra el periodista cuando estaba a punto de llegar a su casa, pero se salv\u00f3 gracias al blindaje de su camioneta. No se descarta que alguien m\u00e1s haya disparado ni que otro veh\u00edculo haya participado.<\/p>\n\n\n\n<p>Las c\u00e1maras del C5 captaron que, tras la agresi\u00f3n, la motocicleta huy\u00f3 hacia el Estado de M\u00e9xico; respecto al auto, se analizan videos para saber qu\u00e9 ruta sigui\u00f3. Se iniciaron carpetas por tentativa de homicidio y da\u00f1o en propiedad.<\/p>\n\n\n\n<p>En su conferencia matutina, el presidente L\u00f3pez Obrador expres\u00f3 su solidaridad al comunicador y asegur\u00f3 que la investigaci\u00f3n buscar\u00e1 que el crimen no quede sin castigo. M\u00e1s tarde, Amnist\u00eda Internacional exigi\u00f3 que la FGR atraiga el caso y que cesen los ataques y descalificaciones contra la prensa.<\/p>\n\n\n\n<p>Ciro G\u00f3mez Leyva fue v\u00edctima de un ataque directo, confirm\u00f3 el secretario de Seguridad Ciudadana de la Ciudad de M\u00e9xico, Omar Garc\u00eda Harfuch.<\/p>\n\n\n\n<p>Fue un ataque directo como el mismo se\u00f1or G\u00f3mez Leyva lo dijo, fue un ataque directo, fue un ataque en su contra. M\u00e1s que hablar de un hecho aislado hablamos de un hecho espec\u00edfico, concreto en contra de \u00e9l, de atentar contra su vida\u201d, mencion\u00f3.<\/p>\n\n\n\n<p>El jefe de la polic\u00eda se\u00f1al\u00f3 que los agresores escaparon hacia el Estado de M\u00e9xico por lo cual ya se trabaja en coordinaci\u00f3n con las autoridades de esa entidad y con las del Gobierno de M\u00e9xico con el objetivo de dar con su paradero.<\/p>\n\n\n\n<p>Los responsables viajaban a bordo de un veh\u00edculo color negro y una motocicleta color negro con naranja tripulada por dos personas. Se pudo verificar que la motocicleta ya ven\u00eda siguiendo desde las instalaciones de Grupo Imagen, al se\u00f1or Ciro G\u00f3mez Leyva\u201d, expuso.<\/p>\n\n\n\n<p>Garc\u00eda Harfuch detall\u00f3 que hasta el momento se tiene confirmado que el que dispara al comunicador es el sujeto que viajaba en la parte trasera de la motocicleta, aunque dijo, no se descarta que se hubieran efectuado disparos desde otro veh\u00edculo, pero esto se confirmar\u00e1 con los peritajes.<\/p>\n\n\n\n<p>A las 11:02 se observa el paso de la camioneta sobre Avenida Universidad y metros atr\u00e1s se puede ver nuevamente un veh\u00edculo que posiblemente va siguiendo tambi\u00e9n al periodista. La agresi\u00f3n ocurri\u00f3 a las 11:10 de la noche, por parte de los tripulantes de la motocicleta mencionada. Despu\u00e9s del atentado, a las 11 con 12 minutos, se observa el paso de la motocicleta sobre Avenida Insurgentes, al norte Barranca del Muerto y Parroquia al oriente; a las 11:18 se le observa sobre Eje 8 Sur, entre Coyoac\u00e1n y Amores. El seguimiento nos permiti\u00f3 ubicar la unidad hasta cruzar el per\u00edmetro del Estado de M\u00e9xico\u201d, detall\u00f3.<\/p>\n\n\n\n<p>Por su parte la jefa de Gobierno, Claudia Sheinbaum conden\u00f3 la agresi\u00f3n en contra del periodista Ciro G\u00f3mez Leyva y le ofreci\u00f3 el respaldo de la administraci\u00f3n capitalina.<\/p>\n\n\n\n<p>Queremos nuevamente condenar el atentado a la vida del periodista, l\u00edder de opini\u00f3n, Ciro G\u00f3mez Leyva. Como saben ya, desde ayer en la noche estuvimos en contacto con \u00e9l, brind\u00e1ndole toda la protecci\u00f3n que requiere y todo el apoyo, nuestra solidaridad y apoyo. Y, por supuesto, que vamos a estar pendiente de \u00e9l, de su familia para que pueda recibir toda la protecci\u00f3n del Gobierno de la Ciudad. Y nuestro compromiso de hacer todas las investigaciones para llegar a los responsables de este atentado\u201d.<\/p>\n\n\n\n<p>La mandataria capitalina indic\u00f3 que la Fiscal\u00eda General de Justicia capitalina inici\u00f3 una carpeta de investigaci\u00f3n por el delito de tentativa de homicidio.<\/p>\n\n\n\n<p>Se se\u00f1al\u00f3 que en el lugar de los hechos se encontraron dos casquillos percutidos y se indic\u00f3 que para no entorpecer las investigaciones se reservar\u00e1n detalles de la misma y conforme se tengan avances se dar\u00e1n a conocer.<\/p>\n\n\n\n<p>Finalmente, Sheinbaum manifest\u00f3 que todos los periodistas en la Ciudad de M\u00e9xico pueden estar seguros que hechos como este no quedar\u00e1n impunes y que la administraci\u00f3n que encabeza velar\u00e1 por su seguridad.<\/p>\n","protected":false},"excerpt":{"rendered":"<p>La agresi\u00f3n a balazos contra Ciro G\u00f3mez Leyva, periodista y conductor de Imagen Televisi\u00f3n, no fue un hecho aislado, sino un ataque que buscaba asesinarlo. Hablamos de un hecho espec\u00edfico, concreto contra \u00e9l, de atentar contra su vida\u201d, dijo Omar Garc\u00eda Harfuch. En conferencia, el secretario de Seguridad Ciudadana de la CDMX inform\u00f3 que los [&hellip;]<\/p>\n","protected":false},"author":4,"featured_media":18232,"comment_status":"open","ping_status":"open","sticky":false,"template":"","format":"standard","meta":{"om_disable_all_campaigns":false,"_monsterinsights_skip_tracking":false,"_monsterinsights_sitenote_active":false,"_monsterinsights_sitenote_note":"","_monsterinsights_sitenote_category":0,"footnotes":""},"categories":[176],"tags":[],"class_list":["post-18231","post","type-post","status-publish","format-standard","has-post-thumbnail","hentry","category-nacional"],"amp_enabled":true,"_links":{"self":[{"href":"https:\/\/lahora.mx\/index.php\/wp-json\/wp\/v2\/posts\/18231","targetHints":{"allow":["GET"]}}],"collection":[{"href":"https:\/\/lahora.mx\/index.php\/wp-json\/wp\/v2\/posts"}],"about":[{"href":"https:\/\/lahora.mx\/index.php\/wp-json\/wp\/v2\/types\/post"}],"author":[{"embeddable":true,"href":"https:\/\/lahora.mx\/index.php\/wp-json\/wp\/v2\/users\/4"}],"replies":[{"embeddable":true,"href":"https:\/\/lahora.mx\/index.php\/wp-json\/wp\/v2\/comments?post=18231"}],"version-history":[{"count":1,"href":"https:\/\/lahora.mx\/index.php\/wp-json\/wp\/v2\/posts\/18231\/revisions"}],"predecessor-version":[{"id":18233,"href":"https:\/\/lahora.mx\/index.php\/wp-json\/wp\/v2\/posts\/18231\/revisions\/18233"}],"wp:featuredmedia":[{"embeddable":true,"href":"https:\/\/lahora.mx\/index.php\/wp-json\/wp\/v2\/media\/18232"}],"wp:attachment":[{"href":"https:\/\/lahora.mx\/index.php\/wp-json\/wp\/v2\/media?parent=18231"}],"wp:term":[{"taxonomy":"category","embeddable":true,"href":"https:\/\/lahora.mx\/index.php\/wp-json\/wp\/v2\/categories?post=18231"},{"taxonomy":"post_tag","embeddable":true,"href":"https:\/\/lahora.mx\/index.php\/wp-json\/wp\/v2\/tags?post=18231"}],"curies":[{"name":"wp","href":"https:\/\/api.w.org\/{rel}","templated":true}]}}