{"id":18224,"date":"2022-12-17T00:27:14","date_gmt":"2022-12-17T00:27:14","guid":{"rendered":"http:\/\/lahora.mx\/?p=18224"},"modified":"2022-12-17T00:27:15","modified_gmt":"2022-12-17T00:27:15","slug":"regula-cabildo-actividad-comercila-de-salones-sociales","status":"publish","type":"post","link":"https:\/\/lahora.mx\/index.php\/2022\/12\/17\/regula-cabildo-actividad-comercila-de-salones-sociales\/","title":{"rendered":"Regula cabildo actividad comercila de salones sociales"},"content":{"rendered":"\n<p>A partir de que Salones Sociales ampliaron su actividad comercial al incursionar en la prestaci\u00f3n de servicios adicionales como la realizaci\u00f3n de eventos p\u00fablicos que involucran la venta de boletos y\/o alcohol, el Cabildo regul\u00f3 la operaci\u00f3n de estos establecimientos con el prop\u00f3sito de preservar la integridad f\u00edsica de menores de edad, asegurar el orden, generar certidumbre jur\u00eddica, evitar la competencia desleal y ofrecerles la posibilidad de desarrollarse en un marco de legalidad.<\/p>\n\n\n\n<p>Con las adecuaciones realizadas a la normativa municipal, los prestadores de servicio deber\u00e1n obtener autorizaci\u00f3n previa y cumplir con lo establecido en el Cap\u00edtulo 12 del C\u00f3digo Reglamentario Municipal referente a Espect\u00e1culos P\u00fablicos, entre ellas informar y efectuar el pago correspondiente por boletaje comercializado, contar con medidas de Protecci\u00f3n Civil, as\u00ed como prohibir el acceso a menores de edad, entre otras. En caso de incumplimiento, las sanciones pueden ser multas y\/o hasta la clausura del lugar.<\/p>\n\n\n\n<figure class=\"wp-block-image size-full\"><img fetchpriority=\"high\" decoding=\"async\" width=\"732\" height=\"462\" src=\"https:\/\/lahora.mx\/wp-content\/uploads\/2022\/12\/Captura-de-pantalla-2022-12-16-a-las-18.27.07.png\" alt=\"\" class=\"wp-image-18225\" srcset=\"https:\/\/lahora.mx\/wp-content\/uploads\/2022\/12\/Captura-de-pantalla-2022-12-16-a-las-18.27.07.png 732w, https:\/\/lahora.mx\/wp-content\/uploads\/2022\/12\/Captura-de-pantalla-2022-12-16-a-las-18.27.07-300x189.png 300w\" sizes=\"(max-width: 732px) 100vw, 732px\" \/><\/figure>\n\n\n\n<p>Por otro lado, como resultado de los acercamientos entre el Gobierno de la Ciudad y Organizaciones de la Sociedad Civil, se declar\u00f3 el 11 de mayo de cada a\u00f1o como el \u201cD\u00eda Municipal de la Lucha contra la Violencia Vicaria\u201d, a fin de colocar en la esfera p\u00fablica la demanda colectiva de madres que buscan volver a ver a sus hijas e hijos y promover el acceso a una vida libre de violencia.<\/p>\n\n\n\n<p>Las y los regidores tambi\u00e9n avalaron la informaci\u00f3n financiera del Ayuntamiento de Puebla del 01 al 30 de noviembre de 2022, donde se transparent\u00f3 el uso de los recursos de las dependencias y organismos.<\/p>\n\n\n\n<p>Tambi\u00e9n, por unanimidad se aprobaron los espacios p\u00fablicos para la celebraci\u00f3n de fiestas tradicionales y festividades patronales 2023 en el Centro Hist\u00f3rico y Zona de Monumentos, as\u00ed como el Calendario de Sesiones Ordinarias del Cabildo para el pr\u00f3ximo a\u00f1o.<\/p>\n\n\n\n<p>Durante la Sesi\u00f3n Ordinaria se realizaron varias modificaciones y reformas a la normativa municipal, entre ellas: el Acuerdo de Cabildo por el que se constituye el \u00f3rgano p\u00fablico descentralizado denominado Sistema Municipal DIF para la creaci\u00f3n de la Junta Directiva como m\u00e1xima autoridad administrativa del Sistema; as\u00ed como su Reglamento Interior; la denominaci\u00f3n del Cap\u00edtulo IX del C\u00f3digo de \u00c9tica del Ayuntamiento de Puebla; y la abrogaci\u00f3n de los \u201cLineamientos del Programa de Artistas Urbanos\u201d.<\/p>\n","protected":false},"excerpt":{"rendered":"<p>A partir de que Salones Sociales ampliaron su actividad comercial al incursionar en la prestaci\u00f3n de servicios adicionales como la realizaci\u00f3n de eventos p\u00fablicos que involucran la venta de boletos y\/o alcohol, el Cabildo regul\u00f3 la operaci\u00f3n de estos establecimientos con el prop\u00f3sito de preservar la integridad f\u00edsica de menores de edad, asegurar el orden, [&hellip;]<\/p>\n","protected":false},"author":4,"featured_media":18226,"comment_status":"open","ping_status":"open","sticky":false,"template":"","format":"standard","meta":{"om_disable_all_campaigns":false,"_monsterinsights_skip_tracking":false,"_monsterinsights_sitenote_active":false,"_monsterinsights_sitenote_note":"","_monsterinsights_sitenote_category":0,"footnotes":""},"categories":[175],"tags":[223],"class_list":["post-18224","post","type-post","status-publish","format-standard","has-post-thumbnail","hentry","category-local","tag-puebla"],"amp_enabled":true,"_links":{"self":[{"href":"https:\/\/lahora.mx\/index.php\/wp-json\/wp\/v2\/posts\/18224","targetHints":{"allow":["GET"]}}],"collection":[{"href":"https:\/\/lahora.mx\/index.php\/wp-json\/wp\/v2\/posts"}],"about":[{"href":"https:\/\/lahora.mx\/index.php\/wp-json\/wp\/v2\/types\/post"}],"author":[{"embeddable":true,"href":"https:\/\/lahora.mx\/index.php\/wp-json\/wp\/v2\/users\/4"}],"replies":[{"embeddable":true,"href":"https:\/\/lahora.mx\/index.php\/wp-json\/wp\/v2\/comments?post=18224"}],"version-history":[{"count":1,"href":"https:\/\/lahora.mx\/index.php\/wp-json\/wp\/v2\/posts\/18224\/revisions"}],"predecessor-version":[{"id":18227,"href":"https:\/\/lahora.mx\/index.php\/wp-json\/wp\/v2\/posts\/18224\/revisions\/18227"}],"wp:featuredmedia":[{"embeddable":true,"href":"https:\/\/lahora.mx\/index.php\/wp-json\/wp\/v2\/media\/18226"}],"wp:attachment":[{"href":"https:\/\/lahora.mx\/index.php\/wp-json\/wp\/v2\/media?parent=18224"}],"wp:term":[{"taxonomy":"category","embeddable":true,"href":"https:\/\/lahora.mx\/index.php\/wp-json\/wp\/v2\/categories?post=18224"},{"taxonomy":"post_tag","embeddable":true,"href":"https:\/\/lahora.mx\/index.php\/wp-json\/wp\/v2\/tags?post=18224"}],"curies":[{"name":"wp","href":"https:\/\/api.w.org\/{rel}","templated":true}]}}