{"id":18215,"date":"2022-12-17T00:14:37","date_gmt":"2022-12-17T00:14:37","guid":{"rendered":"http:\/\/lahora.mx\/?p=18215"},"modified":"2022-12-17T00:14:38","modified_gmt":"2022-12-17T00:14:38","slug":"ken-salazar-condena-atentado-contra-ciro-gomez-leyva","status":"publish","type":"post","link":"https:\/\/lahora.mx\/index.php\/2022\/12\/17\/ken-salazar-condena-atentado-contra-ciro-gomez-leyva\/","title":{"rendered":"Ken Salazar condena atentado contra Ciro G\u00f3mez Leyva"},"content":{"rendered":"\n<p>El gobierno de Estados Unidos conden\u00f3 el atentado en contra de Ciro G\u00f3mez Leyva, periodista y conductor de Grupo Imagen, ocurrido la noche del 15 de diciembre cuando estaba por llegar a su casa.<\/p>\n\n\n\n<p>Ante el ataque en contra de G\u00f3mez Leyva, el embajador de Estados Unidos en M\u00e9xico, Ken Salazar, expres\u00f3 su repudio por el intento de asesinato del periodista y llam\u00f3 a garantizar la seguridad de todos los comunicadores en el pa\u00eds.<\/p>\n\n\n\n<p>\u201cSe debe garantizar la seguridad de todas las personas periodistas en M\u00e9xico, que es de primordial importancia para el ejercicio de la democracia y la libertad de expresi\u00f3n\u201d, indic\u00f3 a trav\u00e9s de su cuenta de Twitter.<\/p>\n\n\n\n<p>Ciro G\u00f3mez Leyva fue atacado a balazos a las 23:10 horas en la colonia Florida cuando estaba a unos metros de llegar a su casa tras haber concluido su jornada de trabajo.<br>El periodista asegur\u00f3 que no recibi\u00f3 ninguna amenaza. Sali\u00f3 ileso gracias al blindaje de la camioneta que manejaba.<\/p>\n\n\n\n<p>\u201cNo me hirieron, resisti\u00f3 bien el blindaje de la camioneta\u201d, narr\u00f3 esta ma\u00f1ana en su programa en Radio F\u00f3rmula.<\/p>\n\n\n\n<p>Por la madrugada, Ciro G\u00f3mez Leyva rindi\u00f3 su declaraci\u00f3n ante el Ministerio P\u00fablico y se abri\u00f3 una carpeta de investigaci\u00f3n por tentativa de homicidio.<\/p>\n\n\n\n<p>Hasta ahora, las autoridades de la Ciudad de M\u00e9xico aseguraron que se trat\u00f3 de un ataque directo, aunque a\u00fan no tienen el m\u00f3vil.<\/p>\n","protected":false},"excerpt":{"rendered":"<p>El gobierno de Estados Unidos conden\u00f3 el atentado en contra de Ciro G\u00f3mez Leyva, periodista y conductor de Grupo Imagen, ocurrido la noche del 15 de diciembre cuando estaba por llegar a su casa. Ante el ataque en contra de G\u00f3mez Leyva, el embajador de Estados Unidos en M\u00e9xico, Ken Salazar, expres\u00f3 su repudio por [&hellip;]<\/p>\n","protected":false},"author":4,"featured_media":18216,"comment_status":"open","ping_status":"open","sticky":false,"template":"","format":"standard","meta":{"om_disable_all_campaigns":false,"_monsterinsights_skip_tracking":false,"_monsterinsights_sitenote_active":false,"_monsterinsights_sitenote_note":"","_monsterinsights_sitenote_category":0,"footnotes":""},"categories":[176],"tags":[],"class_list":["post-18215","post","type-post","status-publish","format-standard","has-post-thumbnail","hentry","category-nacional"],"amp_enabled":true,"_links":{"self":[{"href":"https:\/\/lahora.mx\/index.php\/wp-json\/wp\/v2\/posts\/18215","targetHints":{"allow":["GET"]}}],"collection":[{"href":"https:\/\/lahora.mx\/index.php\/wp-json\/wp\/v2\/posts"}],"about":[{"href":"https:\/\/lahora.mx\/index.php\/wp-json\/wp\/v2\/types\/post"}],"author":[{"embeddable":true,"href":"https:\/\/lahora.mx\/index.php\/wp-json\/wp\/v2\/users\/4"}],"replies":[{"embeddable":true,"href":"https:\/\/lahora.mx\/index.php\/wp-json\/wp\/v2\/comments?post=18215"}],"version-history":[{"count":1,"href":"https:\/\/lahora.mx\/index.php\/wp-json\/wp\/v2\/posts\/18215\/revisions"}],"predecessor-version":[{"id":18217,"href":"https:\/\/lahora.mx\/index.php\/wp-json\/wp\/v2\/posts\/18215\/revisions\/18217"}],"wp:featuredmedia":[{"embeddable":true,"href":"https:\/\/lahora.mx\/index.php\/wp-json\/wp\/v2\/media\/18216"}],"wp:attachment":[{"href":"https:\/\/lahora.mx\/index.php\/wp-json\/wp\/v2\/media?parent=18215"}],"wp:term":[{"taxonomy":"category","embeddable":true,"href":"https:\/\/lahora.mx\/index.php\/wp-json\/wp\/v2\/categories?post=18215"},{"taxonomy":"post_tag","embeddable":true,"href":"https:\/\/lahora.mx\/index.php\/wp-json\/wp\/v2\/tags?post=18215"}],"curies":[{"name":"wp","href":"https:\/\/api.w.org\/{rel}","templated":true}]}}