{"id":18212,"date":"2022-12-17T00:08:56","date_gmt":"2022-12-17T00:08:56","guid":{"rendered":"http:\/\/lahora.mx\/?p=18212"},"modified":"2022-12-17T00:08:57","modified_gmt":"2022-12-17T00:08:57","slug":"puertas-de-casa-aguayo-estan-abiertas-para-todos-incluso-la-oposicion-menciona-sergio-salomon-cespedes","status":"publish","type":"post","link":"https:\/\/lahora.mx\/index.php\/2022\/12\/17\/puertas-de-casa-aguayo-estan-abiertas-para-todos-incluso-la-oposicion-menciona-sergio-salomon-cespedes\/","title":{"rendered":"Puertas de Casa Aguayo est\u00e1n abiertas para todos, incluso la oposici\u00f3n menciona Sergio Salom\u00f3n C\u00e8spedes"},"content":{"rendered":"\n<p>El gobernador de Puebla, Sergio Salom\u00f3n C\u00e9spedes Peregrina, afirm\u00f3 que las puertas de Casa Aguayo permanecer\u00e1n abiertas para cualquier persona que desee sumar propuestas a su nuevo proyecto de gobierno, incluidos pol\u00edticos de otras fuerzas partidistas, empresarios y ciudadan\u00eda en general.<\/p>\n\n\n\n<p>A decir del mandatario, en su nueva administraci\u00f3n siempre habr\u00e1 voluntad para recibir personas que no necesariamente tengan afinidad partidista con Morena, siempre y cuando quieran trabajar en beneficio del estado.<\/p>\n\n\n\n<p>\u201cTenemos que dejar muy claro en este tema, para toda la sociedad las puertas del gobierno est\u00e1n abiertas, a todos, sin menoscabo y entendiendo dos cosas, este gobierno se conducir\u00e1 siempre dentro del marco de la ley, generando las mejores condiciones\u201d, expuso.<\/p>\n\n\n\n<p>Leer m\u00e1s: Julio Huerta, primo de Barbosa, asume la Secretar\u00eda General de Gobierno<br>Hizo hincapi\u00e9 en que, en su despacho, la sede del Poder Ejecutivo, recibir\u00e1 a cualquier persona que desee participar en cuestiones institucionales.<\/p>\n\n\n\n<p>\u201cLas puertas de Casa Aguayo, para temas institucionales, est\u00e1n totalmente abiertas, totalmente abiertas; en ejercicio de pluralidad de respeto y de construir entre todos [para] Puebla\u201d, se\u00f1al\u00f3 este viernes en rueda de prensa.<\/p>\n\n\n\n<p>No obstante, detall\u00f3 que siempre se mantendr\u00e1 respetuoso de la ley: \u201cTodos somos amigos, somos una gran familia, con diferentes formas de pensar, pero hoy nada por encima de la ley, tenemos que buscarle y que, al final de cuentas, la aplicaci\u00f3n de la ley sea una constante. La aplicaci\u00f3n de la ley permite que haya respeto, las consecuencias de qui\u00e9n su momento marca y as\u00ed se estar\u00e1 aplicando las puertas abiertas para todos\u201d<\/p>\n\n\n\n<p>Hizo hincapi\u00e9 en que una de sus prioridades es tambi\u00e9n la cercan\u00eda con los presidentes municipales, pues destac\u00f3 que temas como la seguridad p\u00fablica son atendidos desde ese primer nivel gubernamental.<\/p>\n\n\n\n<p>Foto: Bibiana D\u00edaz | El Sol de Puebla<br>\u201cTenemos que pedir a los presidentes municipales que hagamos equipo en la alt\u00edsima responsabilidad, entendiendo que ellos son los primeros, los de prevenci\u00f3n, claro, necesitamos hacer equipo por la prevenci\u00f3n del delito es lo que est\u00e1 en la sociedad, as\u00ed es que si nos cuidamos todos seguramente cuidaremos entre todos, a la gran familia\u201d, agreg\u00f3.<\/p>\n\n\n\n<p>Salom\u00f3n C\u00e9spedes llega a la gubernatura de Puebla con un respaldo casi un\u00e1nime<br>Del mismo modo, respondi\u00f3 a las cr\u00edticas de personalidades como el l\u00edder nacional de Morena, Mario Delgado; el diputado federal del Partido del Trabajo, Gerardo Fern\u00e1ndez Noro\u00f1a; y el l\u00edder nacional del Partido Acci\u00f3n Nacional (PAN), Marko Cort\u00e9s, quienes acusaron la prontitud con la que C\u00e9spedes Peregrina fue nombrado como gobernador a pocas horas del fallecimiento de Barbosa Huerta.<\/p>\n\n\n\n<p>\u201cPara los amigos nacionales, no s\u00e9 si conozcan Puebla, no s\u00e9 si sepan lo que ha vivido Puebla, no s\u00e9 si sepan de las circunstancias que vive Puebla, pero hoy los legisladores decidieron apostar por la familias poblanas y no por los intereses\u201d, se\u00f1al\u00f3.<\/p>\n\n\n\n<p>Finalmente, remarc\u00f3 que mantendr\u00e1 la misma pol\u00edtica p\u00fablica de Martes Ciudadanos, la cual fue iniciada por Barbosa Huerta. De esta manera, precis\u00f3 que seguir\u00e1 atendiendo a la ciudadan\u00eda en general cada martes en Casa Aguayo, mientras que el resto de secretarias y secretarios lo har\u00e1n desde sus perspectivas sedes.<\/p>\n","protected":false},"excerpt":{"rendered":"<p>El gobernador de Puebla, Sergio Salom\u00f3n C\u00e9spedes Peregrina, afirm\u00f3 que las puertas de Casa Aguayo permanecer\u00e1n abiertas para cualquier persona que desee sumar propuestas a su nuevo proyecto de gobierno, incluidos pol\u00edticos de otras fuerzas partidistas, empresarios y ciudadan\u00eda en general. A decir del mandatario, en su nueva administraci\u00f3n siempre habr\u00e1 voluntad para recibir personas [&hellip;]<\/p>\n","protected":false},"author":4,"featured_media":18213,"comment_status":"open","ping_status":"open","sticky":false,"template":"","format":"standard","meta":{"om_disable_all_campaigns":false,"_monsterinsights_skip_tracking":false,"_monsterinsights_sitenote_active":false,"_monsterinsights_sitenote_note":"","_monsterinsights_sitenote_category":0,"footnotes":""},"categories":[175,5],"tags":[195,223],"class_list":["post-18212","post","type-post","status-publish","format-standard","has-post-thumbnail","hentry","category-local","category-politica","tag-principal","tag-puebla"],"amp_enabled":true,"_links":{"self":[{"href":"https:\/\/lahora.mx\/index.php\/wp-json\/wp\/v2\/posts\/18212","targetHints":{"allow":["GET"]}}],"collection":[{"href":"https:\/\/lahora.mx\/index.php\/wp-json\/wp\/v2\/posts"}],"about":[{"href":"https:\/\/lahora.mx\/index.php\/wp-json\/wp\/v2\/types\/post"}],"author":[{"embeddable":true,"href":"https:\/\/lahora.mx\/index.php\/wp-json\/wp\/v2\/users\/4"}],"replies":[{"embeddable":true,"href":"https:\/\/lahora.mx\/index.php\/wp-json\/wp\/v2\/comments?post=18212"}],"version-history":[{"count":1,"href":"https:\/\/lahora.mx\/index.php\/wp-json\/wp\/v2\/posts\/18212\/revisions"}],"predecessor-version":[{"id":18214,"href":"https:\/\/lahora.mx\/index.php\/wp-json\/wp\/v2\/posts\/18212\/revisions\/18214"}],"wp:featuredmedia":[{"embeddable":true,"href":"https:\/\/lahora.mx\/index.php\/wp-json\/wp\/v2\/media\/18213"}],"wp:attachment":[{"href":"https:\/\/lahora.mx\/index.php\/wp-json\/wp\/v2\/media?parent=18212"}],"wp:term":[{"taxonomy":"category","embeddable":true,"href":"https:\/\/lahora.mx\/index.php\/wp-json\/wp\/v2\/categories?post=18212"},{"taxonomy":"post_tag","embeddable":true,"href":"https:\/\/lahora.mx\/index.php\/wp-json\/wp\/v2\/tags?post=18212"}],"curies":[{"name":"wp","href":"https:\/\/api.w.org\/{rel}","templated":true}]}}