{"id":18209,"date":"2022-12-16T23:59:21","date_gmt":"2022-12-16T23:59:21","guid":{"rendered":"http:\/\/lahora.mx\/?p=18209"},"modified":"2022-12-16T23:59:21","modified_gmt":"2022-12-16T23:59:21","slug":"estamos-para-reforzarlos-no-para-hacer-su-trabajo-menciona-cespedes","status":"publish","type":"post","link":"https:\/\/lahora.mx\/index.php\/2022\/12\/16\/estamos-para-reforzarlos-no-para-hacer-su-trabajo-menciona-cespedes\/","title":{"rendered":"Estamos para reforzarlos, no para hacer su trabajo menciona C\u00e9spedes"},"content":{"rendered":"\n<p>\u201cEstamos para reforzarlos, no para hacer su trabajo\u201d, fue as\u00ed como el nuevo gobernador de Puebla, Sergio Salom\u00f3n C\u00e9spedes, dej\u00f3 en claro a los 217 presidentes municipales del estado su responsabilidad en materia de seguridad y es que afirm\u00f3 que, para la actual administraci\u00f3n, el tema es prioridad y aunque dijo que har\u00e1n equipo, nadie debe esquivar su compromiso.<\/p>\n\n\n\n<p>\u201cTenemos que pedirles a los presidentes municipales que hagamos equipo, pero que asuman la alt\u00edsima responsabilidad, entendiendo que ellos son los primeros entes de prevenci\u00f3n, pero tambi\u00e9n el primer contacto con la sociedad, estamos para reforzarlos, no para hacer su trabajo\u201d, puntualiz\u00f3 el gobernador C\u00e9spedes a los alcaldes de Puebla.<\/p>\n\n\n\n<p><br>Explic\u00f3 que el Gobierno de Puebla har\u00e1 lo propio en la materia para salvaguardar la integridad de los poblanos y enfrentar al crimen.<\/p>\n\n\n\n<p>\u201cLa seguridad p\u00fablica tiene que hacer lo propio entendiendo que ellos tienen la responsabilidad, que ellos son los que tienen el mandato, que son los que pueden manejar armas, que son los que tienen la estrategia, que son los que tienen la inteligencia para ello\u201d.<br>Sin embargo, el gobernador C\u00e9spedes tambi\u00e9n llam\u00f3 a la sociedad en conjunto a cerrar filas por la seguridad.<\/p>\n\n\n\n<p>\u201cSociedad, necesitamos hacer equipo todos, la prevenci\u00f3n del delito es lo que est\u00e1 en la sociedad, as\u00ed que, si nos cuidamos todos, seguramente cuidaremos entre todos a la gran familia que es Puebla\u201d.<\/p>\n\n\n\n<p>Lo anterior durante la primera rueda de prensa que el gobernador C\u00e9spedes ofreci\u00f3 a medios de comunicaci\u00f3n en Casa Aguayo, acompa\u00f1ado de todo el gabinete y en la que adem\u00e1s anunci\u00f3 a Julio Huerta como nuevo titular de la Secretar\u00eda de Gobernaci\u00f3n de Puebla, en reemplazo de Ana Luc\u00eda Hill Mayoral.<\/p>\n","protected":false},"excerpt":{"rendered":"<p>\u201cEstamos para reforzarlos, no para hacer su trabajo\u201d, fue as\u00ed como el nuevo gobernador de Puebla, Sergio Salom\u00f3n C\u00e9spedes, dej\u00f3 en claro a los 217 presidentes municipales del estado su responsabilidad en materia de seguridad y es que afirm\u00f3 que, para la actual administraci\u00f3n, el tema es prioridad y aunque dijo que har\u00e1n equipo, nadie [&hellip;]<\/p>\n","protected":false},"author":4,"featured_media":18210,"comment_status":"open","ping_status":"open","sticky":false,"template":"","format":"standard","meta":{"om_disable_all_campaigns":false,"_monsterinsights_skip_tracking":false,"_monsterinsights_sitenote_active":false,"_monsterinsights_sitenote_note":"","_monsterinsights_sitenote_category":0,"footnotes":""},"categories":[175],"tags":[223],"class_list":["post-18209","post","type-post","status-publish","format-standard","has-post-thumbnail","hentry","category-local","tag-puebla"],"amp_enabled":true,"_links":{"self":[{"href":"https:\/\/lahora.mx\/index.php\/wp-json\/wp\/v2\/posts\/18209","targetHints":{"allow":["GET"]}}],"collection":[{"href":"https:\/\/lahora.mx\/index.php\/wp-json\/wp\/v2\/posts"}],"about":[{"href":"https:\/\/lahora.mx\/index.php\/wp-json\/wp\/v2\/types\/post"}],"author":[{"embeddable":true,"href":"https:\/\/lahora.mx\/index.php\/wp-json\/wp\/v2\/users\/4"}],"replies":[{"embeddable":true,"href":"https:\/\/lahora.mx\/index.php\/wp-json\/wp\/v2\/comments?post=18209"}],"version-history":[{"count":1,"href":"https:\/\/lahora.mx\/index.php\/wp-json\/wp\/v2\/posts\/18209\/revisions"}],"predecessor-version":[{"id":18211,"href":"https:\/\/lahora.mx\/index.php\/wp-json\/wp\/v2\/posts\/18209\/revisions\/18211"}],"wp:featuredmedia":[{"embeddable":true,"href":"https:\/\/lahora.mx\/index.php\/wp-json\/wp\/v2\/media\/18210"}],"wp:attachment":[{"href":"https:\/\/lahora.mx\/index.php\/wp-json\/wp\/v2\/media?parent=18209"}],"wp:term":[{"taxonomy":"category","embeddable":true,"href":"https:\/\/lahora.mx\/index.php\/wp-json\/wp\/v2\/categories?post=18209"},{"taxonomy":"post_tag","embeddable":true,"href":"https:\/\/lahora.mx\/index.php\/wp-json\/wp\/v2\/tags?post=18209"}],"curies":[{"name":"wp","href":"https:\/\/api.w.org\/{rel}","templated":true}]}}