{"id":18203,"date":"2022-12-16T14:43:37","date_gmt":"2022-12-16T14:43:37","guid":{"rendered":"http:\/\/lahora.mx\/?p=18203"},"modified":"2022-12-16T14:43:37","modified_gmt":"2022-12-16T14:43:37","slug":"atentan-contra-ciro-por-la-noche-lo-salva-el-blindaje","status":"publish","type":"post","link":"https:\/\/lahora.mx\/index.php\/2022\/12\/16\/atentan-contra-ciro-por-la-noche-lo-salva-el-blindaje\/","title":{"rendered":"Atentan contra Ciro por la noche; lo salva el blindaje"},"content":{"rendered":"\n<p>Ciro G\u00f3mez Leyva, periodista y conductor de Imagen Televisi\u00f3n, fue atacado anoche a balazos cuando llegaba a su domicilio, despu\u00e9s de conducir Imagen Noticias.<\/p>\n\n\n\n<p>La agresi\u00f3n, en la que no result\u00f3 herido gracias a la protecci\u00f3n con que cuenta su veh\u00edculo, fue condenada por personajes de la pol\u00edtica, periodistas y empresarios.<\/p>\n\n\n\n<p>A las 11:10 pm a 200 metros de mi casa dos personas en una motocicleta me dispararon, al parecer con la clara intenci\u00f3n de matarme. Me salv\u00f3 el blindaje de mi camioneta que yo manejaba y he enterado del asunto a las autoridades\u201d, tuite\u00f3 el comunicador a las 23:33 horas, apenas 23 minutos despu\u00e9s de sufrir el atentado.<\/p>\n\n\n\n<p>Poco despu\u00e9s comparti\u00f3 fotograf\u00edas de los impactos de bala en su veh\u00edculo, entre las que destacan dos en la ventanilla del conductor, a la altura de la cabeza. En total, los peritos contabilizaron nueve disparos.<\/p>\n\n\n\n<p>Tras esto, Omar Garc\u00eda Harfuch, jefe de la polic\u00eda capitalina, se comprometi\u00f3 a dar con los agresores. \u201cVamos a detener a los responsables y tenga la seguridad que cuenta con todo el respaldo del gobierno y la polic\u00eda\u201d, tuite\u00f3.<\/p>\n\n\n\n<p>Al cierre de esta edici\u00f3n se estaba llevando a cabo el cerco virtual a trav\u00e9s de las c\u00e1maras del C5 para dar con los agresores. La jefa de Gobierno, Claudia Sheinbaum, anunci\u00f3 el inicio de las indagatorias.<\/p>\n\n\n\n<p>exp-player-logo<br>Art\u00edculo 19, organizaci\u00f3n defensora de la libertad de expresi\u00f3n y el derecho a la informaci\u00f3n, conden\u00f3 el hecho y solicit\u00f3 a las autoridades reforzar la protecci\u00f3n para G\u00f3mez Leyva.<\/p>\n\n\n\n<p>M\u00e9xico suma 16 periodistas asesinados en lo que va de este a\u00f1o.<\/p>\n\n\n\n<p>CIRO G\u00d3MEZ LEYVA LIBR\u00d3 ATENTADO<br>Anoche, el periodista y conductor de Imagen Televisi\u00f3n Ciro G\u00f3mez Leyva fue v\u00edctima de un ataque a balazos cuando llegaba a su casa, justo despu\u00e9s de conducir Imagen Noticias.<\/p>\n\n\n\n<p>A las 11:10 pm a 200 metros de mi casa dos personas en una motocicleta me dispararon, al parecer con la clara intenci\u00f3n de matarme. Me salv\u00f3 el blindaje de mi camioneta que yo manejaba y he enterado del asunto a las autoridades\u201d, tuite\u00f3 el comunicador a las 23:33 horas, apenas 23 minutos despu\u00e9s de sufrir el atentado.<\/p>\n\n\n\n<p>Tambi\u00e9n comparti\u00f3 fotograf\u00edas de los impactos de bala que se registraron en su camioneta. En las im\u00e1genes se aprecian al menos nueve disparos, tres en la ventanilla del conductor, dos en el cofre y uno en el parabrisas.<\/p>\n\n\n\n<p>A trav\u00e9s de la misma red social, el titular de la Secretar\u00eda de Seguridad Ciudadana (SSC) de la Ciudad de M\u00e9xico, Omar Garc\u00eda Harfuch, se comprometi\u00f3 a dar con los agresores.<\/p>\n\n\n\n<p>Vamos a detener a los responsables y tenga la seguridad que cuenta con todo el respaldo del @GobCDMX, @SSC_CDMX\u201d, public\u00f3.<\/p>\n\n\n\n<p>Fuentes de la SSC aseguraron que hasta el cierre de esta edici\u00f3n se estaba llevando a cabo el cerco virtual a trav\u00e9s de las c\u00e1maras del C5 para dar con los responsables del ataque.<\/p>\n\n\n\n<p>Tambi\u00e9n se\u00f1alaron que la investigaci\u00f3n fue iniciada por noticia criminal, es decir, que a trav\u00e9s de la publicaci\u00f3n del comunicador se abri\u00f3 un expediente sobre los hechos.<\/p>\n\n\n\n<p>Tras el atentado, la jefa de Gobierno de la Ciudad de M\u00e9xico, Claudia Sheinbaum, asegur\u00f3 que hab\u00eda sostenido comunicaci\u00f3n con el periodista y confirm\u00f3 el inicio de las indagatorias.<\/p>\n\n\n\n<p>Acabo de hablar con @CiroGomezL estamos brind\u00e1ndole a trav\u00e9s de la @SSC_CDMX protecci\u00f3n e iniciando investigaciones con c\u00e1maras de @C5_CDMX Nuestra solidaridad y apoyo\u201d, public\u00f3.<\/p>\n\n\n\n<p>A trav\u00e9s de la frecuencia oficial de la SSC se dio la orden de ubicar a los responsables como \u201cprioridad m\u00e1xima\u201d.<\/p>\n\n\n\n<p>Como parte de las pesquisas que realizar\u00e1 la Fiscal\u00eda capitalina se determinar\u00e1 el m\u00f3vil, del cual hasta anoche se presum\u00eda que fue un ataque directo, por como el periodista narr\u00f3 los hechos.<\/p>\n\n\n\n<p>La organizaci\u00f3n defensora de la libertad de expresi\u00f3n y el derecho a la informaci\u00f3n Art\u00edculo 19 conden\u00f3 el hecho y solicit\u00f3 a las autoridades reforzar la protecci\u00f3n para G\u00f3mez Leyva y \u201cgarantizar una investigaci\u00f3n diligente\u201d.<\/p>\n\n\n\n<p>A las muestras de apoyo se sum\u00f3 la de Pascal Beltr\u00e1n del R\u00edo, director editorial de Exc\u00e9lsior.<\/p>\n\n\n\n<p>Toda mi solidaridad, querido Ciro. Esto es grav\u00edsimo y debe investigarse de inmediato y a fondo\u201d, tuite\u00f3 Beltr\u00e1n del R\u00edo.<\/p>\n\n\n\n<p>El periodista Carlos Loret de Mola tambi\u00e9n se refiri\u00f3 al ataque en la misma red social: \u201c\u00a1Hasta d\u00f3nde hemos llegado! Esto es inaceptable, indignante. Ojal\u00e1 con investigaci\u00f3n period\u00edstica podamos confirmar pronto qui\u00e9n est\u00e1 detr\u00e1s de esto. Un abrazo para @CiroGomezL qu\u00e9 bueno que est\u00e1s bien\u201d.<\/p>\n\n\n\n<p>El empresario Gustavo de Hoyos, expresidente de la Confederaci\u00f3n Patronal de la Rep\u00fablica Mexicana, escribi\u00f3 tambi\u00e9n en Twitter: \u201cExpreso mi solidaridad con el periodista @CiroGomezL y repudio el atentado del que fue objeto. El odio a los disidentes como religi\u00f3n del r\u00e9gimen tiene esas consecuencias\u201d.<\/p>\n\n\n\n<p>ATAQUES CONTRA LA LIBERTAD DE EXPRESI\u00d3N<\/p>\n\n\n\n<p>Este a\u00f1o que termina ha sido uno de los m\u00e1s letales para la prensa mexicana, con m\u00e1s periodistas asesinados por su actividad profesional, de acuerdo con Art\u00edculo 19.<\/p>\n\n\n\n<p>Seg\u00fan la organizaci\u00f3n, 2017 hab\u00eda sido el a\u00f1o con m\u00e1s asesinatos de periodistas relacionados con su actividad profesional (12). Sin embargo, este a\u00f1o suman 16.<\/p>\n\n\n\n<p>El caso m\u00e1s reciente es el de Pedro Pablo Kumul, reportero y locutor, quien fue asesinado en Xalapa, Veracruz, el 21 de noviembre.<\/p>\n\n\n\n<p>De 2000 a la fecha, la iniciativa Art\u00edculo 19 ha documentado 157 asesinatos de periodistas en M\u00e9xico, en posible relaci\u00f3n con su labor. Del total, 145 son hombres y 12 son mujeres.<\/p>\n\n\n\n<p>Sin embargo, los ataques a la prensa no son nuevos en nuestro pa\u00eds. El 30 de mayo de 1984, Manuel Buend\u00eda, uno de los periodistas m\u00e1s influyentes de la segunda mitad del siglo XX, fue asesinado al salir de su oficina, en el cruce de las avenidas Paseo de la Reforma e Insurgentes, en la Ciudad de M\u00e9xico.<\/p>\n\n\n\n<p>M\u00e1s recientemente, en julio de 2015, el fotoperiodista Rub\u00e9n Espinosa, colaborador de Proceso y Cuartoscuro, quien hab\u00eda denunciado que su seguridad estaba en riesgo, por lo que hab\u00eda abandonado Veracruz \u2013uno de los estados con m\u00e1s riesgos para ejercer el periodismo\u2013 fue hallado sin vida en un departamento de la colonia Narvarte, en la Ciudad de M\u00e9xico.<\/p>\n\n\n\n<p>En marzo de 2017, Miroslava Breach, corresponsal del diario La Jornada, y quien fuera directora editorial de El Norte de Ciudad Ju\u00e1rez, fue acribillada frente a su casa, en la ciudad de Chihuahua, cuando se preparaba para llevar a uno de sus hijos a la escuela. Era reconocida por su labor como investigadora en torno a violaciones de los derechos humanos.<\/p>\n","protected":false},"excerpt":{"rendered":"<p>Ciro G\u00f3mez Leyva, periodista y conductor de Imagen Televisi\u00f3n, fue atacado anoche a balazos cuando llegaba a su domicilio, despu\u00e9s de conducir Imagen Noticias. La agresi\u00f3n, en la que no result\u00f3 herido gracias a la protecci\u00f3n con que cuenta su veh\u00edculo, fue condenada por personajes de la pol\u00edtica, periodistas y empresarios. A las 11:10 pm [&hellip;]<\/p>\n","protected":false},"author":4,"featured_media":18204,"comment_status":"open","ping_status":"open","sticky":false,"template":"","format":"standard","meta":{"om_disable_all_campaigns":false,"_monsterinsights_skip_tracking":false,"_monsterinsights_sitenote_active":false,"_monsterinsights_sitenote_note":"","_monsterinsights_sitenote_category":0,"footnotes":""},"categories":[176],"tags":[223],"class_list":["post-18203","post","type-post","status-publish","format-standard","has-post-thumbnail","hentry","category-nacional","tag-puebla"],"amp_enabled":true,"_links":{"self":[{"href":"https:\/\/lahora.mx\/index.php\/wp-json\/wp\/v2\/posts\/18203","targetHints":{"allow":["GET"]}}],"collection":[{"href":"https:\/\/lahora.mx\/index.php\/wp-json\/wp\/v2\/posts"}],"about":[{"href":"https:\/\/lahora.mx\/index.php\/wp-json\/wp\/v2\/types\/post"}],"author":[{"embeddable":true,"href":"https:\/\/lahora.mx\/index.php\/wp-json\/wp\/v2\/users\/4"}],"replies":[{"embeddable":true,"href":"https:\/\/lahora.mx\/index.php\/wp-json\/wp\/v2\/comments?post=18203"}],"version-history":[{"count":1,"href":"https:\/\/lahora.mx\/index.php\/wp-json\/wp\/v2\/posts\/18203\/revisions"}],"predecessor-version":[{"id":18205,"href":"https:\/\/lahora.mx\/index.php\/wp-json\/wp\/v2\/posts\/18203\/revisions\/18205"}],"wp:featuredmedia":[{"embeddable":true,"href":"https:\/\/lahora.mx\/index.php\/wp-json\/wp\/v2\/media\/18204"}],"wp:attachment":[{"href":"https:\/\/lahora.mx\/index.php\/wp-json\/wp\/v2\/media?parent=18203"}],"wp:term":[{"taxonomy":"category","embeddable":true,"href":"https:\/\/lahora.mx\/index.php\/wp-json\/wp\/v2\/categories?post=18203"},{"taxonomy":"post_tag","embeddable":true,"href":"https:\/\/lahora.mx\/index.php\/wp-json\/wp\/v2\/tags?post=18203"}],"curies":[{"name":"wp","href":"https:\/\/api.w.org\/{rel}","templated":true}]}}