{"id":18188,"date":"2022-12-16T03:15:46","date_gmt":"2022-12-16T03:15:46","guid":{"rendered":"http:\/\/lahora.mx\/?p=18188"},"modified":"2022-12-16T03:15:46","modified_gmt":"2022-12-16T03:15:46","slug":"vw-detendra-produccion-de-jetta-y-tiguan-hasta-la-primera-semana-del-2023","status":"publish","type":"post","link":"https:\/\/lahora.mx\/index.php\/2022\/12\/16\/vw-detendra-produccion-de-jetta-y-tiguan-hasta-la-primera-semana-del-2023\/","title":{"rendered":"VW detendr\u00e1 producci\u00f3n de Jetta y Tiguan hasta la primera semana del 2023"},"content":{"rendered":"\n<p>La planta de Volkswagen parar\u00e1 su producci\u00f3n a partir del pr\u00f3ximo lunes y hasta la primera semana del 2023, con excepci\u00f3n del segmento de Taos, esto con motivo de las fiestas decembrinas.<\/p>\n\n\n\n<p>A trav\u00e9s de un comunicado la planta armadora detall\u00f3 que la producci\u00f3n de la l\u00ednea Tiguan y Jetta se detendr\u00e1n, pero Taos seguir\u00e1 produciendo, estos paros ya estaban programados.<\/p>\n\n\n\n<p>Por lo que todos los procesos de Volkswagen regresar\u00e1n a la normalidad a partir de la primera semana del 2023, pero posteriormente se notificar\u00e1 a los trabajadores.<\/p>\n\n\n\n<p>Hay que recordar que el presidente de Canacintra Luis Espinosa Rueda detall\u00f3 que todo el siguiente a\u00f1o seguir\u00e1 habiendo paros t\u00e9cnicos por semiconductores.<\/p>\n","protected":false},"excerpt":{"rendered":"<p>La planta de Volkswagen parar\u00e1 su producci\u00f3n a partir del pr\u00f3ximo lunes y hasta la primera semana del 2023, con excepci\u00f3n del segmento de Taos, esto con motivo de las fiestas decembrinas. A trav\u00e9s de un comunicado la planta armadora detall\u00f3 que la producci\u00f3n de la l\u00ednea Tiguan y Jetta se detendr\u00e1n, pero Taos seguir\u00e1 [&hellip;]<\/p>\n","protected":false},"author":4,"featured_media":18189,"comment_status":"open","ping_status":"open","sticky":false,"template":"","format":"standard","meta":{"om_disable_all_campaigns":false,"_monsterinsights_skip_tracking":false,"_monsterinsights_sitenote_active":false,"_monsterinsights_sitenote_note":"","_monsterinsights_sitenote_category":0,"footnotes":""},"categories":[175],"tags":[223],"class_list":["post-18188","post","type-post","status-publish","format-standard","has-post-thumbnail","hentry","category-local","tag-puebla"],"amp_enabled":true,"_links":{"self":[{"href":"https:\/\/lahora.mx\/index.php\/wp-json\/wp\/v2\/posts\/18188","targetHints":{"allow":["GET"]}}],"collection":[{"href":"https:\/\/lahora.mx\/index.php\/wp-json\/wp\/v2\/posts"}],"about":[{"href":"https:\/\/lahora.mx\/index.php\/wp-json\/wp\/v2\/types\/post"}],"author":[{"embeddable":true,"href":"https:\/\/lahora.mx\/index.php\/wp-json\/wp\/v2\/users\/4"}],"replies":[{"embeddable":true,"href":"https:\/\/lahora.mx\/index.php\/wp-json\/wp\/v2\/comments?post=18188"}],"version-history":[{"count":1,"href":"https:\/\/lahora.mx\/index.php\/wp-json\/wp\/v2\/posts\/18188\/revisions"}],"predecessor-version":[{"id":18190,"href":"https:\/\/lahora.mx\/index.php\/wp-json\/wp\/v2\/posts\/18188\/revisions\/18190"}],"wp:featuredmedia":[{"embeddable":true,"href":"https:\/\/lahora.mx\/index.php\/wp-json\/wp\/v2\/media\/18189"}],"wp:attachment":[{"href":"https:\/\/lahora.mx\/index.php\/wp-json\/wp\/v2\/media?parent=18188"}],"wp:term":[{"taxonomy":"category","embeddable":true,"href":"https:\/\/lahora.mx\/index.php\/wp-json\/wp\/v2\/categories?post=18188"},{"taxonomy":"post_tag","embeddable":true,"href":"https:\/\/lahora.mx\/index.php\/wp-json\/wp\/v2\/tags?post=18188"}],"curies":[{"name":"wp","href":"https:\/\/api.w.org\/{rel}","templated":true}]}}