{"id":18185,"date":"2022-12-16T03:04:25","date_gmt":"2022-12-16T03:04:25","guid":{"rendered":"http:\/\/lahora.mx\/?p=18185"},"modified":"2022-12-16T03:04:26","modified_gmt":"2022-12-16T03:04:26","slug":"rectores-poblanos-avalan-nombramiento-de-sergio-salomon","status":"publish","type":"post","link":"https:\/\/lahora.mx\/index.php\/2022\/12\/16\/rectores-poblanos-avalan-nombramiento-de-sergio-salomon\/","title":{"rendered":"Rectores poblanos avalan nombramiento de Sergio Salom\u00f3n"},"content":{"rendered":"\n<p>Universidades en Puebla se pronunciaron a favor del nombramiento de Sergio Salom\u00f3n C\u00e9spedes Peregrina como gobernador sustituto en Puebla, confiando en que esta designaci\u00f3n favorecer\u00e1 el trabajo conjunto entre las instituciones de nivel superior y el gobierno estatal.<\/p>\n\n\n\n<p>Lilia Cedillo Ram\u00edrez, rectora de la Benem\u00e9rita Universidad Aut\u00f3noma de Puebla (BUAP), fue la primera autoridad en expresar su benepl\u00e1cito por este nombramiento, reconociendo que esta nueva etapa de obligaciones para el mandatario contar\u00e1 con el respaldo de la m\u00e1xima casa de estudios.<\/p>\n\n\n\n<p>\u201cEn su nueva responsabilidad como gobernador reitero mi compromiso de trabajo y di\u00e1logo, siempre a favor de nuestro estado y de la comunidad universitaria\u201d, expres\u00f3 Cedillo Ram\u00edrez mediante un comunicado.<\/p>\n\n\n\n<p>Del mismo modo, Emilio Jos\u00e9 Ba\u00f1os Ardav\u00edn, rector de la Universidad Popular Aut\u00f3noma del Estado de Puebla (UPAEP), felicit\u00f3 al gobernador por la confianza que le fue depositada para dirigir el rumbo del estado durante los pr\u00f3ximos dos a\u00f1os.<\/p>\n\n\n\n<p>\u201cEnhorabuena por asumir esta encomienda como gobernador de Puebla, en un momento que requiere unidad, liderazgo y compromiso. Cuenta con el aporte universitario para enfrentar los grandes desaf\u00edos de nuestro estado\u201d, sostuvo.<\/p>\n\n\n\n<p>Cabe mencionar que, en d\u00edas pasados el rector se pronunci\u00f3 respecto a esta designaci\u00f3n, donde afirm\u00f3 que ser\u00eda una persona de talante renovador quien suceder\u00eda el cargo de Miguel Barbosa Huerta en Puebla.<\/p>\n\n\n\n<p>Por su parte, Mario Ernesto Patr\u00f3n S\u00e1nchez, rector de la Universidad Iberoamericana Puebla, celebr\u00f3 la llegada de Sergio Salom\u00f3n a la titularidad del Ejecutivo, deseando el mayo \u00e9xito durante las actividades de su gesti\u00f3n.<\/p>\n\n\n\n<p>\u201cReiteramos nuestra disposici\u00f3n para colaborar en la construcci\u00f3n de futuros de esperanza para nuestro estado\u201d, asegur\u00f3 el rector de la casa de estudios, quien desde su gesti\u00f3n en la universidad se ha mostrado a favor de la defensor\u00eda de los derechos humanos y la erradicaci\u00f3n de la violencia e impunidad.<\/p>\n","protected":false},"excerpt":{"rendered":"<p>Universidades en Puebla se pronunciaron a favor del nombramiento de Sergio Salom\u00f3n C\u00e9spedes Peregrina como gobernador sustituto en Puebla, confiando en que esta designaci\u00f3n favorecer\u00e1 el trabajo conjunto entre las instituciones de nivel superior y el gobierno estatal. Lilia Cedillo Ram\u00edrez, rectora de la Benem\u00e9rita Universidad Aut\u00f3noma de Puebla (BUAP), fue la primera autoridad en [&hellip;]<\/p>\n","protected":false},"author":4,"featured_media":18186,"comment_status":"open","ping_status":"open","sticky":false,"template":"","format":"standard","meta":{"om_disable_all_campaigns":false,"_monsterinsights_skip_tracking":false,"_monsterinsights_sitenote_active":false,"_monsterinsights_sitenote_note":"","_monsterinsights_sitenote_category":0,"footnotes":""},"categories":[175],"tags":[223],"class_list":["post-18185","post","type-post","status-publish","format-standard","has-post-thumbnail","hentry","category-local","tag-puebla"],"amp_enabled":true,"_links":{"self":[{"href":"https:\/\/lahora.mx\/index.php\/wp-json\/wp\/v2\/posts\/18185","targetHints":{"allow":["GET"]}}],"collection":[{"href":"https:\/\/lahora.mx\/index.php\/wp-json\/wp\/v2\/posts"}],"about":[{"href":"https:\/\/lahora.mx\/index.php\/wp-json\/wp\/v2\/types\/post"}],"author":[{"embeddable":true,"href":"https:\/\/lahora.mx\/index.php\/wp-json\/wp\/v2\/users\/4"}],"replies":[{"embeddable":true,"href":"https:\/\/lahora.mx\/index.php\/wp-json\/wp\/v2\/comments?post=18185"}],"version-history":[{"count":1,"href":"https:\/\/lahora.mx\/index.php\/wp-json\/wp\/v2\/posts\/18185\/revisions"}],"predecessor-version":[{"id":18187,"href":"https:\/\/lahora.mx\/index.php\/wp-json\/wp\/v2\/posts\/18185\/revisions\/18187"}],"wp:featuredmedia":[{"embeddable":true,"href":"https:\/\/lahora.mx\/index.php\/wp-json\/wp\/v2\/media\/18186"}],"wp:attachment":[{"href":"https:\/\/lahora.mx\/index.php\/wp-json\/wp\/v2\/media?parent=18185"}],"wp:term":[{"taxonomy":"category","embeddable":true,"href":"https:\/\/lahora.mx\/index.php\/wp-json\/wp\/v2\/categories?post=18185"},{"taxonomy":"post_tag","embeddable":true,"href":"https:\/\/lahora.mx\/index.php\/wp-json\/wp\/v2\/tags?post=18185"}],"curies":[{"name":"wp","href":"https:\/\/api.w.org\/{rel}","templated":true}]}}