{"id":18182,"date":"2022-12-16T00:56:20","date_gmt":"2022-12-16T00:56:20","guid":{"rendered":"http:\/\/lahora.mx\/?p=18182"},"modified":"2022-12-16T00:56:21","modified_gmt":"2022-12-16T00:56:21","slug":"despiden-con-caravana-y-misa-de-cuerpo-presente-a-miguel-barbosa","status":"publish","type":"post","link":"https:\/\/lahora.mx\/index.php\/2022\/12\/16\/despiden-con-caravana-y-misa-de-cuerpo-presente-a-miguel-barbosa\/","title":{"rendered":"Despiden con caravana y misa de cuerpo presente a Miguel Barbosa"},"content":{"rendered":"\n<p>Tehuac\u00e1n se detuvo por unas horas. Algunos ciudadanos sab\u00edan lo que ocurr\u00eda, otros no, pero todos salieron de sus casas para enterarse de la noticia: se estaba haciendo una caravana en el municipio para darle el \u00faltimo adi\u00f3s al ex gobernador de Puebla, Luis Miguel Barbosa Huerta.<\/p>\n\n\n\n<p>Las calles de Tehuac\u00e1n se vieron llenas de contrastes, tal y como fue Barbosa Huerta en vida. Por una parte, se ve\u00edan las l\u00e1grimas de la esposa de Miguel y sus dos hijos, Mar\u00eda del Rosario Orozco, Charo y Migue, pero por otra hab\u00eda algarab\u00eda, m\u00fasica y porras.<\/p>\n\n\n\n<p>El gobernador hizo que por unas horas su querido Tehuac\u00e1n, como muchas veces lo nombr\u00f3, se detuviera para despedirlo. Los ciudadanos se salieron de su trabajo para observar y las personas se asomaron desde sus ventanas o balcones para ser testigos de un hecho hist\u00f3rico para Puebla.<\/p>\n\n\n\n<p>Todo comenz\u00f3 en el velatorio Valle de Los \u00c1ngeles de dicho municipio, en donde fue velado una vez m\u00e1s por sus seres queridos. Cuando sali\u00f3 la carroza f\u00fanebre ya lo estaban esperando en la calle funcionarios p\u00fablicos, la banda de guerra del Centro Escolar y por su puesto, su familia.<\/p>\n\n\n\n<p>F\u00e9retro de Miguel Barbosa arriba a Catedral de Tehuac\u00e1n. Foto: Bibiana D\u00edaz | El Sol de Puebla<br>De este punto se alinearon para dirigirse a la catedral de Tehuac\u00e1n y hacer una caravana durante todo el trayecto. La cual fue vigilada por elementos de la Polic\u00eda Estatal, Polic\u00eda Municipal y Polic\u00eda de Tr\u00e1nsito. Fueron ellos quienes guiaron la caravana.<\/p>\n\n\n\n<p>Como si se tratara de un desfile, la Avenida Reforma se vio llena de vendedores ambulantes que vend\u00edan desde agua, frutas o juguetes. Estuvo lleno de personas que se amontonaron para tener la mejor toma de lo que estaba ocurriendo. Marcaron para avisarles a sus familiares o conocidos que llegaran al punto para ver lo que pasaba y justo en el z\u00f3calo toda esta efusi\u00f3n creci\u00f3.<\/p>\n\n\n\n<p>Rosario Orozco y Sergio Salom\u00f3n en cortejo f\u00fanebre. Foto: Bibiana D\u00edaz | El Sol de Puebla<br>No es para menos, dec\u00edan los ciudadanos, \u201cera de aqu\u00ed\u201d, expresaban mientras com\u00edan en los portales. \u201cAqu\u00ed se echaba una torta de conejo\u201d, \u201caqu\u00ed vino en su campa\u00f1a\u201d, se pod\u00eda o\u00edr; y justo en la entrada de la catedral ya hab\u00edan cientos de ciudadanos que lo esperaban. Fue hasta este punto que se empezaron a empujar y aglutinarse para poder entrar a la misa de cuerpo presente.<\/p>\n\n\n\n<p>En la catedral ya esperaba monse\u00f1or, V\u00edctor S\u00e1nchez Espinosa, l\u00edder de la grey cat\u00f3lica en Puebla. Se prendi\u00f3 incienso para darle la bienvenida y solo dejaron pasar a la familia y a las personas que cargaban el ata\u00fad, entre ellos sus trabajadores m\u00e1s cercanos y el nuevo gobernador, Sergio C\u00e9spedes Peregrina.<\/p>\n\n\n\n<p>Despiden a Miguel Barbosa con caravana en Tehuac\u00e1n. Foto: Bibiana D\u00edaz | El Sol de Puebla<br>En cuanto entr\u00f3 el cuerpo de Barbosa, se cerraron las puertas de la catedral y esto gener\u00f3 la molestia de los ciudadanos que quer\u00edan entrar al recinto cat\u00f3lico. Se empujaron, se insultaron y despu\u00e9s de unos minutos se dispersaron al rededor de la Iglesia. Se aferraron a los barrotes que la proteg\u00edan y ah\u00ed esperaron mientras se llev\u00f3 a cabo la misa.<\/p>\n","protected":false},"excerpt":{"rendered":"<p>Tehuac\u00e1n se detuvo por unas horas. Algunos ciudadanos sab\u00edan lo que ocurr\u00eda, otros no, pero todos salieron de sus casas para enterarse de la noticia: se estaba haciendo una caravana en el municipio para darle el \u00faltimo adi\u00f3s al ex gobernador de Puebla, Luis Miguel Barbosa Huerta. Las calles de Tehuac\u00e1n se vieron llenas de [&hellip;]<\/p>\n","protected":false},"author":4,"featured_media":18183,"comment_status":"open","ping_status":"open","sticky":false,"template":"","format":"standard","meta":{"om_disable_all_campaigns":false,"_monsterinsights_skip_tracking":false,"_monsterinsights_sitenote_active":false,"_monsterinsights_sitenote_note":"","_monsterinsights_sitenote_category":0,"footnotes":""},"categories":[175],"tags":[195,223],"class_list":["post-18182","post","type-post","status-publish","format-standard","has-post-thumbnail","hentry","category-local","tag-principal","tag-puebla"],"amp_enabled":true,"_links":{"self":[{"href":"https:\/\/lahora.mx\/index.php\/wp-json\/wp\/v2\/posts\/18182","targetHints":{"allow":["GET"]}}],"collection":[{"href":"https:\/\/lahora.mx\/index.php\/wp-json\/wp\/v2\/posts"}],"about":[{"href":"https:\/\/lahora.mx\/index.php\/wp-json\/wp\/v2\/types\/post"}],"author":[{"embeddable":true,"href":"https:\/\/lahora.mx\/index.php\/wp-json\/wp\/v2\/users\/4"}],"replies":[{"embeddable":true,"href":"https:\/\/lahora.mx\/index.php\/wp-json\/wp\/v2\/comments?post=18182"}],"version-history":[{"count":1,"href":"https:\/\/lahora.mx\/index.php\/wp-json\/wp\/v2\/posts\/18182\/revisions"}],"predecessor-version":[{"id":18184,"href":"https:\/\/lahora.mx\/index.php\/wp-json\/wp\/v2\/posts\/18182\/revisions\/18184"}],"wp:featuredmedia":[{"embeddable":true,"href":"https:\/\/lahora.mx\/index.php\/wp-json\/wp\/v2\/media\/18183"}],"wp:attachment":[{"href":"https:\/\/lahora.mx\/index.php\/wp-json\/wp\/v2\/media?parent=18182"}],"wp:term":[{"taxonomy":"category","embeddable":true,"href":"https:\/\/lahora.mx\/index.php\/wp-json\/wp\/v2\/categories?post=18182"},{"taxonomy":"post_tag","embeddable":true,"href":"https:\/\/lahora.mx\/index.php\/wp-json\/wp\/v2\/tags?post=18182"}],"curies":[{"name":"wp","href":"https:\/\/api.w.org\/{rel}","templated":true}]}}