{"id":18179,"date":"2022-12-16T00:35:45","date_gmt":"2022-12-16T00:35:45","guid":{"rendered":"http:\/\/lahora.mx\/?p=18179"},"modified":"2022-12-16T00:35:45","modified_gmt":"2022-12-16T00:35:45","slug":"se-cancela-desfile-navideno-de-este-sabado-en-puebla","status":"publish","type":"post","link":"https:\/\/lahora.mx\/index.php\/2022\/12\/16\/se-cancela-desfile-navideno-de-este-sabado-en-puebla\/","title":{"rendered":"Se cancela desfile navide\u00f1o de este s\u00e1bado en Puebla"},"content":{"rendered":"\n<p>El pr\u00f3ximo s\u00e1bado 17 de diciembre se llevar\u00eda a cabo el desfile navide\u00f1o en Puebla, pero tanto la asociaci\u00f3n civil Crearte Puebla como el Instituto Poblano de la Juventud han decidido cancelar las actividades en solidaridad al fallecimiento del ex gobernador de Puebla, Luis Miguel Barbosa Huerta.<\/p>\n\n\n\n<p>Los detalles para dicho evento se iban a revelar este jueves a esta casa editorial, sin embargo, se notific\u00f3 que ya no se har\u00eda por la situaci\u00f3n delicada que acababa de ocurrir en el gobierno del estado de Puebla.<\/p>\n\n\n\n<p>En las redes sociales de Crearte Puebla se hab\u00eda resumido que el desfile se iba a hacer a las 18:00 horas e iba a pasar por la avenida Ju\u00e1rez y seguir por reforma, una ruta similar a la que tuvieron el a\u00f1o pasado.<\/p>\n\n\n\n<p>\u00a1De terror! Tras dos a\u00f1os de ausencia, cientos de poblanos integran la Marcha Siniestra<br>En el 2021 alrededor de 25 contingentes participaron, entre estos estuvieron \u00c1guilas Reales, banda de guerra Artilleros, Banda de Guerra y Grupo de Panderos, Aut\u00e9nticos Soles, banda de m\u00fasica, Banda de guerra independiente, Banda de marcha de la Universidad Aut\u00f3noma del Estado de M\u00e9xico (UAEM), BINE Marching band y B\u00fahos marching band, del Bachillerato Hermanos Serd\u00e1n.<\/p>\n\n\n\n<p>Seg\u00fan en la descripci\u00f3n de sus publicaciones se sabe que para este a\u00f1o iban a haber bandas de m\u00fasica, carros aleg\u00f3ricos, contingentes, entre otras cosas m\u00e1s, para que los poblanos comenzaran a vivir del esp\u00edritu navide\u00f1o.<\/p>\n\n\n\n<p>Se iba a estar compartiendo quienes iban a participar en la edici\u00f3n de este 2023, pero por las razones que ya se ha descrito en esta nota es por lo que no hizo saber eso.<\/p>\n\n\n\n<p>Cabe mencionar que diferentes actividades art\u00edsticas y culturales que se iban a hacer en pr\u00f3ximos d\u00edas han sido canceladas por la misma situaci\u00f3n y se estar\u00e1 informando si llegase a haber cambios en las redes sociales.<\/p>\n","protected":false},"excerpt":{"rendered":"<p>El pr\u00f3ximo s\u00e1bado 17 de diciembre se llevar\u00eda a cabo el desfile navide\u00f1o en Puebla, pero tanto la asociaci\u00f3n civil Crearte Puebla como el Instituto Poblano de la Juventud han decidido cancelar las actividades en solidaridad al fallecimiento del ex gobernador de Puebla, Luis Miguel Barbosa Huerta. Los detalles para dicho evento se iban a [&hellip;]<\/p>\n","protected":false},"author":4,"featured_media":18180,"comment_status":"open","ping_status":"open","sticky":false,"template":"","format":"standard","meta":{"om_disable_all_campaigns":false,"_monsterinsights_skip_tracking":false,"_monsterinsights_sitenote_active":false,"_monsterinsights_sitenote_note":"","_monsterinsights_sitenote_category":0,"footnotes":""},"categories":[175],"tags":[195,223],"class_list":["post-18179","post","type-post","status-publish","format-standard","has-post-thumbnail","hentry","category-local","tag-principal","tag-puebla"],"amp_enabled":true,"_links":{"self":[{"href":"https:\/\/lahora.mx\/index.php\/wp-json\/wp\/v2\/posts\/18179","targetHints":{"allow":["GET"]}}],"collection":[{"href":"https:\/\/lahora.mx\/index.php\/wp-json\/wp\/v2\/posts"}],"about":[{"href":"https:\/\/lahora.mx\/index.php\/wp-json\/wp\/v2\/types\/post"}],"author":[{"embeddable":true,"href":"https:\/\/lahora.mx\/index.php\/wp-json\/wp\/v2\/users\/4"}],"replies":[{"embeddable":true,"href":"https:\/\/lahora.mx\/index.php\/wp-json\/wp\/v2\/comments?post=18179"}],"version-history":[{"count":1,"href":"https:\/\/lahora.mx\/index.php\/wp-json\/wp\/v2\/posts\/18179\/revisions"}],"predecessor-version":[{"id":18181,"href":"https:\/\/lahora.mx\/index.php\/wp-json\/wp\/v2\/posts\/18179\/revisions\/18181"}],"wp:featuredmedia":[{"embeddable":true,"href":"https:\/\/lahora.mx\/index.php\/wp-json\/wp\/v2\/media\/18180"}],"wp:attachment":[{"href":"https:\/\/lahora.mx\/index.php\/wp-json\/wp\/v2\/media?parent=18179"}],"wp:term":[{"taxonomy":"category","embeddable":true,"href":"https:\/\/lahora.mx\/index.php\/wp-json\/wp\/v2\/categories?post=18179"},{"taxonomy":"post_tag","embeddable":true,"href":"https:\/\/lahora.mx\/index.php\/wp-json\/wp\/v2\/tags?post=18179"}],"curies":[{"name":"wp","href":"https:\/\/api.w.org\/{rel}","templated":true}]}}