{"id":18176,"date":"2022-12-16T00:32:44","date_gmt":"2022-12-16T00:32:44","guid":{"rendered":"http:\/\/lahora.mx\/?p=18176"},"modified":"2022-12-16T00:32:45","modified_gmt":"2022-12-16T00:32:45","slug":"exdiputada-morena-continuara-en-prision-por-intento-de-homicidio","status":"publish","type":"post","link":"https:\/\/lahora.mx\/index.php\/2022\/12\/16\/exdiputada-morena-continuara-en-prision-por-intento-de-homicidio\/","title":{"rendered":"Exdiputada Morena continuara en prisi\u00f3n por intento de homicidio"},"content":{"rendered":"\n<p>Sandra Nelly Cadena Santos, exdiputada local suplente de Morena por el distrito XV de Tecamachalco, y su c\u00f3nyuge Jes\u00fas continuar\u00e1n en prisi\u00f3n despu\u00e9s de que por segunda ocasi\u00f3n fueran vinculados a proceso.<\/p>\n\n\n\n<p>Ayer a las 8:00 de la ma\u00f1ana se llev\u00f3 la audiencia de reposici\u00f3n de vinculaci\u00f3n a proceso de Jes\u00fas, quien est\u00e1 preso en el Centro Federal de Readaptaci\u00f3n Social N\u00famero 15 \u00abCPS CHIAPAS\u00bb, esto luego de que el pasado 7 de diciembre, el juez de la causa decidiera posponerla por supuestas fallas t\u00e9cnicas.<br>Fue nuevamente en una de las salas de oralidad del Centro de Justicia Penal de Puebla donde se desarroll\u00f3 la audiencia de reposici\u00f3n ordenada por el Juez Quinto de Distrito en Materia de Amparo Penal.<\/p>\n\n\n\n<p>Aunque la defensa de Sandra Nelly y su c\u00f3nyuge intent\u00f3 que el juez de la causa Javier V\u00e1zquez Fern\u00e1ndez diera valor probatorio a los videos que presentaron, en los cuales s\u00f3lo se observaba a la acusada reclamando a los agentes ministeriales de forma verbal, el togado no acept\u00f3 lo anterior y reiter\u00f3 haber encontrado los elementos suficientes para considerar que la pareja de esposos podr\u00eda ser responsables del delito que se les imputa.<\/p>\n\n\n\n<p>Por lo anterior, dict\u00f3 auto de vinculaci\u00f3n a proceso y orden\u00f3 que los dos asegurados continuaran en prisi\u00f3n preventiva oficiosa: Sandra en el penal de San Miguel y Jes\u00fas, expolic\u00eda federal, en el Cefereso de Chiapas.<\/p>\n","protected":false},"excerpt":{"rendered":"<p>Sandra Nelly Cadena Santos, exdiputada local suplente de Morena por el distrito XV de Tecamachalco, y su c\u00f3nyuge Jes\u00fas continuar\u00e1n en prisi\u00f3n despu\u00e9s de que por segunda ocasi\u00f3n fueran vinculados a proceso. Ayer a las 8:00 de la ma\u00f1ana se llev\u00f3 la audiencia de reposici\u00f3n de vinculaci\u00f3n a proceso de Jes\u00fas, quien est\u00e1 preso en [&hellip;]<\/p>\n","protected":false},"author":4,"featured_media":18177,"comment_status":"open","ping_status":"open","sticky":false,"template":"","format":"standard","meta":{"om_disable_all_campaigns":false,"_monsterinsights_skip_tracking":false,"_monsterinsights_sitenote_active":false,"_monsterinsights_sitenote_note":"","_monsterinsights_sitenote_category":0,"footnotes":""},"categories":[176],"tags":[195,223],"class_list":["post-18176","post","type-post","status-publish","format-standard","has-post-thumbnail","hentry","category-nacional","tag-principal","tag-puebla"],"amp_enabled":true,"_links":{"self":[{"href":"https:\/\/lahora.mx\/index.php\/wp-json\/wp\/v2\/posts\/18176","targetHints":{"allow":["GET"]}}],"collection":[{"href":"https:\/\/lahora.mx\/index.php\/wp-json\/wp\/v2\/posts"}],"about":[{"href":"https:\/\/lahora.mx\/index.php\/wp-json\/wp\/v2\/types\/post"}],"author":[{"embeddable":true,"href":"https:\/\/lahora.mx\/index.php\/wp-json\/wp\/v2\/users\/4"}],"replies":[{"embeddable":true,"href":"https:\/\/lahora.mx\/index.php\/wp-json\/wp\/v2\/comments?post=18176"}],"version-history":[{"count":1,"href":"https:\/\/lahora.mx\/index.php\/wp-json\/wp\/v2\/posts\/18176\/revisions"}],"predecessor-version":[{"id":18178,"href":"https:\/\/lahora.mx\/index.php\/wp-json\/wp\/v2\/posts\/18176\/revisions\/18178"}],"wp:featuredmedia":[{"embeddable":true,"href":"https:\/\/lahora.mx\/index.php\/wp-json\/wp\/v2\/media\/18177"}],"wp:attachment":[{"href":"https:\/\/lahora.mx\/index.php\/wp-json\/wp\/v2\/media?parent=18176"}],"wp:term":[{"taxonomy":"category","embeddable":true,"href":"https:\/\/lahora.mx\/index.php\/wp-json\/wp\/v2\/categories?post=18176"},{"taxonomy":"post_tag","embeddable":true,"href":"https:\/\/lahora.mx\/index.php\/wp-json\/wp\/v2\/tags?post=18176"}],"curies":[{"name":"wp","href":"https:\/\/api.w.org\/{rel}","templated":true}]}}