{"id":18140,"date":"2022-12-15T18:21:11","date_gmt":"2022-12-15T18:21:11","guid":{"rendered":"http:\/\/lahora.mx\/?p=18140"},"modified":"2022-12-15T18:21:12","modified_gmt":"2022-12-15T18:21:12","slug":"no-soy-cacique-amlo-no-descarta-vetar-reforma-electoral-por-clausula-de-vida-eterna-a-partidos","status":"publish","type":"post","link":"https:\/\/lahora.mx\/index.php\/2022\/12\/15\/no-soy-cacique-amlo-no-descarta-vetar-reforma-electoral-por-clausula-de-vida-eterna-a-partidos\/","title":{"rendered":"\u00abNo soy cacique\u00bb: AMLO no descarta vetar reforma electoral por cl\u00e1usula de \u201cvida eterna\u201d a partidos"},"content":{"rendered":"\n<p>El presidente Andr\u00e9s Manuel L\u00f3pez Obrador se\u00f1al\u00f3 que no descarta vetar la reforma electoral que fue aprobada por el Senado, si es que se mantiene en la C\u00e1mara de Diputados la transferencia de votos para darles \u201cvida eterna\u201d a sus aliados.<\/p>\n\n\n\n<p>\u201cLa veto, aunque se invalide todo. Si hay contradicci\u00f3n, si es as\u00ed, hay contradicci\u00f3n. Y adem\u00e1s no es posible de ninguna manera hacer algo encubierto o que d\u00e9 la impresi\u00f3n que se est\u00e1 actuando de manera tramposa, eso tiene que ver con el bloque conservador\u201d, refiri\u00f3 en su conferencia ma\u00f1anera de este jueves en Palacio Nacional.<\/p>\n\n\n\n<p>L\u00f3pez Obrador dijo que podr\u00eda llegar al veto de la ley porque se trata de un asunto de principios: \u201cMuy contrario a lo que consideran mis adversarios. No soy cacique. Si lo considero, la puedo vetar, si es un asunto de principios, lo hago, porque somos dem\u00f3cratas aut\u00e9nticos, no farsantes\u201d.<\/p>\n\n\n\n<p>Advirti\u00f3 que ser\u00e1 la C\u00e1mara de Diputados la que definir\u00e1 si se conservan las modificaciones que hizo el Senado de la Rep\u00fablica o se alarga el proceso legislativo.<\/p>\n\n\n\n<p>\u201cSi en la C\u00e1mara de Diputados consideran de que no debe hacerse, para atr\u00e1s, no le hace que lleve m\u00e1s tiempo. Si la C\u00e1mara de Diputados consideran que eso estuvo mal, pa&#8217; tras. Que ellos lo debatan y que se defiendan siempre los principios\u201d, declar\u00f3.<\/p>\n\n\n\n<p>\u201cLa democracia en M\u00e9xico es el pueblo, ya no es la oligarqu\u00eda, entonces si pasa la ley, bien, ser\u00eda bueno, ayuda, pero si no pasa, de todas maneras va a ser el pueblo el que va a decidir y va a seguir mandando, \u00bfo creen ustedes que ser\u00e1 el grupo de Claudio X. Gonz\u00e1lez?\u201d, a\u00f1adi\u00f3.<\/p>\n","protected":false},"excerpt":{"rendered":"<p>El presidente Andr\u00e9s Manuel L\u00f3pez Obrador se\u00f1al\u00f3 que no descarta vetar la reforma electoral que fue aprobada por el Senado, si es que se mantiene en la C\u00e1mara de Diputados la transferencia de votos para darles \u201cvida eterna\u201d a sus aliados. \u201cLa veto, aunque se invalide todo. Si hay contradicci\u00f3n, si es as\u00ed, hay contradicci\u00f3n. [&hellip;]<\/p>\n","protected":false},"author":4,"featured_media":18141,"comment_status":"open","ping_status":"open","sticky":false,"template":"","format":"standard","meta":{"om_disable_all_campaigns":false,"_monsterinsights_skip_tracking":false,"_monsterinsights_sitenote_active":false,"_monsterinsights_sitenote_note":"","_monsterinsights_sitenote_category":0,"footnotes":""},"categories":[176],"tags":[223],"class_list":["post-18140","post","type-post","status-publish","format-standard","has-post-thumbnail","hentry","category-nacional","tag-puebla"],"amp_enabled":true,"_links":{"self":[{"href":"https:\/\/lahora.mx\/index.php\/wp-json\/wp\/v2\/posts\/18140","targetHints":{"allow":["GET"]}}],"collection":[{"href":"https:\/\/lahora.mx\/index.php\/wp-json\/wp\/v2\/posts"}],"about":[{"href":"https:\/\/lahora.mx\/index.php\/wp-json\/wp\/v2\/types\/post"}],"author":[{"embeddable":true,"href":"https:\/\/lahora.mx\/index.php\/wp-json\/wp\/v2\/users\/4"}],"replies":[{"embeddable":true,"href":"https:\/\/lahora.mx\/index.php\/wp-json\/wp\/v2\/comments?post=18140"}],"version-history":[{"count":1,"href":"https:\/\/lahora.mx\/index.php\/wp-json\/wp\/v2\/posts\/18140\/revisions"}],"predecessor-version":[{"id":18142,"href":"https:\/\/lahora.mx\/index.php\/wp-json\/wp\/v2\/posts\/18140\/revisions\/18142"}],"wp:featuredmedia":[{"embeddable":true,"href":"https:\/\/lahora.mx\/index.php\/wp-json\/wp\/v2\/media\/18141"}],"wp:attachment":[{"href":"https:\/\/lahora.mx\/index.php\/wp-json\/wp\/v2\/media?parent=18140"}],"wp:term":[{"taxonomy":"category","embeddable":true,"href":"https:\/\/lahora.mx\/index.php\/wp-json\/wp\/v2\/categories?post=18140"},{"taxonomy":"post_tag","embeddable":true,"href":"https:\/\/lahora.mx\/index.php\/wp-json\/wp\/v2\/tags?post=18140"}],"curies":[{"name":"wp","href":"https:\/\/api.w.org\/{rel}","templated":true}]}}