{"id":18136,"date":"2022-12-15T18:17:23","date_gmt":"2022-12-15T18:17:23","guid":{"rendered":"http:\/\/lahora.mx\/?p=18136"},"modified":"2022-12-15T18:18:30","modified_gmt":"2022-12-15T18:18:30","slug":"se-aprueba-segundo-dictamen-del-plan-b-de-la-reforma-electoral-por-el-cenado","status":"publish","type":"post","link":"https:\/\/lahora.mx\/index.php\/2022\/12\/15\/se-aprueba-segundo-dictamen-del-plan-b-de-la-reforma-electoral-por-el-cenado\/","title":{"rendered":"Se aprueba segundo dictamen del Plan B de la reforma electoral por el cenado"},"content":{"rendered":"\n<p>El Senado de la Rep\u00fablica aprob\u00f3 en lo general, el segundo de los dict\u00e1menes de la reforma a leyes secundarias en materia electoral impulsada por el presidente Andr\u00e9s Manuel L\u00f3pez Obrador, nuevamente con el voto en contra del l\u00edder del grupo parlamentario de Morena, Ricardo Monreal, y el senador de esa bancada Rafael Espino.<\/p>\n\n\n\n<p>Con 65 votos a favor y 52 en contra, el pleno de la C\u00e1mara Alta aval\u00f3 la minuta de con proyecto de decreto, por el que se reforman, adicionan y derogan diversas disposiciones de la Ley General de Comunicaci\u00f3n Social y de la Ley General de Responsabilidades Administrativas en materia de propaganda.<\/p>\n\n\n\n<p>\u201cNo constituyen propaganda gubernamental las manifestaciones de las personas servidoras p\u00fablicas que realicen en uso de su libertad de expresi\u00f3n y en el ejercicio de sus funciones p\u00fablicas.<\/p>\n\n\n\n<p><\/p>\n\n\n\n<p>\u201cTampoco constituye propaganda gubernamental la informaci\u00f3n de inter\u00e9s p\u00fablico que realicen las personas servidoras p\u00fablicas, conforme a la Ley General de Transparencia y Acceso a la Informaci\u00f3n P\u00fablica, difundida en cualquier formato de manera gratuita\u201d, establece la reforma.<\/p>\n\n\n\n<p>Reforma electoral: oposici\u00f3n lamenta aprobaci\u00f3n del plan B<br>Al argumentar su voto en contra, el senador del PAN Dami\u00e1n Zepeda lament\u00f3 que la mayor\u00eda morenista y sus aliados autorice al gobierno a hacer propaganda y contratar campa\u00f1as de publicidad de cualquier \u00e1rea de la administraci\u00f3n p\u00fablica en medio de procesos electorales y no solo de Salud, Educaci\u00f3n y protecci\u00f3n civil, como es actualmente.<\/p>\n\n\n\n<p>Denunci\u00f3 que con ello, el presidente Lopez Obrador podr\u00e1 hacer campa\u00f1a en favor de su partido desde la conferencia de prensa ma\u00f1anera.<\/p>\n\n\n\n<p>\u201cSi al Presidente le preguntan en una entrevista una cosa y contesta y da su opini\u00f3n, eso no es propaganda, pero hacerlo de manera sistem\u00e1tica claro que s\u00ed, pero no se quedan ah\u00ed sino que quieren que se puedan contratar campa\u00f1as de difusi\u00f3n con recursos p\u00fablicos durante las campa\u00f1as.<\/p>\n\n\n\n<p>\u201cYo nada m\u00e1s quiero recordar que el presidente L\u00f3pez obrador hizo toda una movilizaci\u00f3n porque el presidente (Vicente) Fox opinaba y consider\u00f3 que era un abuso, \u00bfo ya no se acuerdan de eso? Y sali\u00f3 y dijo: \u00a1c\u00e1llate chachalaca! \u00bfno se acuerdan de eso?, bueno, se quedaba en pa\u00f1ales el presidente Fox con lo que esta reforma le permite al presidente L\u00f3pez Obrador\u201d, recalc\u00f3.<\/p>\n\n\n\n<p>La senadora del PRI Claudia Ruiz Massieu reiter\u00f3 que con esta reforma se refuerza el car\u00e1cter aut\u00f3crata del presidente L\u00f3pez Obrador.<\/p>\n\n\n\n<p>\u201cNos encontramos con este dictamen en una vuelta en u para situarnos pr\u00e1cticamente en el punto de partida de la construcci\u00f3n democr\u00e1tica de M\u00e9xico. Otra vez la confusi\u00f3n entre gobierno y partido oficial, otra vez condiciones estructurales de inequidad para la competencia democr\u00e1tica, otra vez el uso de recursos p\u00fablicos para promover las candidaturas del gobierno y para permanentemente hacer campa\u00f1a\u201d, recrimin\u00f3.<\/p>\n","protected":false},"excerpt":{"rendered":"<p>El Senado de la Rep\u00fablica aprob\u00f3 en lo general, el segundo de los dict\u00e1menes de la reforma a leyes secundarias en materia electoral impulsada por el presidente Andr\u00e9s Manuel L\u00f3pez Obrador, nuevamente con el voto en contra del l\u00edder del grupo parlamentario de Morena, Ricardo Monreal, y el senador de esa bancada Rafael Espino. Con [&hellip;]<\/p>\n","protected":false},"author":4,"featured_media":18139,"comment_status":"open","ping_status":"open","sticky":false,"template":"","format":"standard","meta":{"om_disable_all_campaigns":false,"_monsterinsights_skip_tracking":false,"_monsterinsights_sitenote_active":false,"_monsterinsights_sitenote_note":"","_monsterinsights_sitenote_category":0,"footnotes":""},"categories":[176],"tags":[],"class_list":["post-18136","post","type-post","status-publish","format-standard","has-post-thumbnail","hentry","category-nacional"],"amp_enabled":true,"_links":{"self":[{"href":"https:\/\/lahora.mx\/index.php\/wp-json\/wp\/v2\/posts\/18136","targetHints":{"allow":["GET"]}}],"collection":[{"href":"https:\/\/lahora.mx\/index.php\/wp-json\/wp\/v2\/posts"}],"about":[{"href":"https:\/\/lahora.mx\/index.php\/wp-json\/wp\/v2\/types\/post"}],"author":[{"embeddable":true,"href":"https:\/\/lahora.mx\/index.php\/wp-json\/wp\/v2\/users\/4"}],"replies":[{"embeddable":true,"href":"https:\/\/lahora.mx\/index.php\/wp-json\/wp\/v2\/comments?post=18136"}],"version-history":[{"count":1,"href":"https:\/\/lahora.mx\/index.php\/wp-json\/wp\/v2\/posts\/18136\/revisions"}],"predecessor-version":[{"id":18138,"href":"https:\/\/lahora.mx\/index.php\/wp-json\/wp\/v2\/posts\/18136\/revisions\/18138"}],"wp:featuredmedia":[{"embeddable":true,"href":"https:\/\/lahora.mx\/index.php\/wp-json\/wp\/v2\/media\/18139"}],"wp:attachment":[{"href":"https:\/\/lahora.mx\/index.php\/wp-json\/wp\/v2\/media?parent=18136"}],"wp:term":[{"taxonomy":"category","embeddable":true,"href":"https:\/\/lahora.mx\/index.php\/wp-json\/wp\/v2\/categories?post=18136"},{"taxonomy":"post_tag","embeddable":true,"href":"https:\/\/lahora.mx\/index.php\/wp-json\/wp\/v2\/tags?post=18136"}],"curies":[{"name":"wp","href":"https:\/\/api.w.org\/{rel}","templated":true}]}}