{"id":18099,"date":"2022-12-15T00:32:54","date_gmt":"2022-12-15T00:32:54","guid":{"rendered":"http:\/\/lahora.mx\/?p=18099"},"modified":"2022-12-15T00:32:55","modified_gmt":"2022-12-15T00:32:55","slug":"covid-19-en-mexico-en-fase-estacional-lopez-gatell","status":"publish","type":"post","link":"https:\/\/lahora.mx\/index.php\/2022\/12\/15\/covid-19-en-mexico-en-fase-estacional-lopez-gatell\/","title":{"rendered":"COVID-19 en M\u00e9xico: en fase estacional; L\u00f3pez-Gatell"},"content":{"rendered":"\n<p>Tras unos meses de sostenido descenso, los casos de COVID en M\u00e9xico comenzaron a incrementar a inicios de noviembre hasta alcanzar los 20 mil 642 casos el 13 de diciembre, seg\u00fan datos oficiales del gobierno.<\/p>\n\n\n\n<p>El subsecretario de Salud, Hugo L\u00f3pez-Gatell, explic\u00f3 este martes que el repunte atiende la misma l\u00f3gica de las enfermedades respiratorias que aumentan durante la temporada de fr\u00edo y que, seg\u00fan predicciones de la comunidad cient\u00edfica internacional, una vez que las temperaturas suban, la enfermedad comenzar\u00e1 a entrar en una fase estacional de forma progresiva.<\/p>\n\n\n\n<p>\u201cVa a dejar de tener estas oleadas en la primavera y el verano, y empezar\u00e1 a sincronizarse con el resto de los m\u00e1s de 360 virus respiratorios que se conocen que afectan a los humanos\u201d, indic\u00f3 pero \u00bfa qu\u00e9 se refiere el funcionario con fase estacional?<\/p>\n\n\n\n<p>\u00bfQu\u00e9 es una enfermedad estacional?<br>De acuerdo con un art\u00edculo El calendario de epidemias: ciclos estacionales de enfermedades infecciosas de la cient\u00edfica Micaela Mart\u00ednez, los ciclos estacionales son una caracter\u00edstica siempre presente en las enfermedades infecciosas agudas, es decir que su prevalencia est\u00e1 relacionada con una \u00e9poca del a\u00f1o.<br>Es as\u00ed como en el hemisferio norte cada invierno se producen brotes de gripe, en primavera de varicela y en verano de poliomielitis.<\/p>\n\n\n\n<p>Los factores principales que determinan la estacionalidad de las enfermedades seg\u00fan el estudio son:<\/p>\n\n\n\n<p>Factores ambientales, como la temperatura y la humedad.<br>Factores sociales, como las congregaciones de personas.<br>Factores ecol\u00f3gicos como el crecimiento de algas que detonan brotes de c\u00f3lera.<br>Ritmos biol\u00f3gicos estacionales, como la migraci\u00f3n o hibernaci\u00f3n de animales.<br>\u00bfEl COVID-19 llegar\u00e1 a ser estacional?<br>Un informe de las Academias Nacionales de Ciencias, Ingenier\u00eda y Medicina de Estados Unidos del 2020 se\u00f1ala una relaci\u00f3n entre temperaturas y niveles de humedad altos y una supervivencia reducida del SARS-CoV-2, lo que da pie a sospechar que su comportamiento podr\u00eda llegar a ser como el de la gripe, sin embargo, los cient\u00edficos a cargo de los estudios remarcaron que los resultados fueron obtenidos en un laboratorio por lo que muchos otros factores podr\u00edan influir en la transmisi\u00f3n del virus entre humanos.<\/p>\n\n\n\n<p>En octubre del 2021, un An\u00e1lisis transversal de los factores meteorol\u00f3gicos y la transmisi\u00f3n del SARS-CoV-2 en 409 ciudades de 26 pa\u00edses publicado en Nature Communications encontr\u00f3 que el comportamiento de la poblaci\u00f3n y las intervenciones gubernamentales son los impulsores m\u00e1s importantes de la transmisi\u00f3n del virus.<\/p>\n\n\n\n<p>Aunque la estacionalidad del COVID-19 a\u00fan es dif\u00edcil de determinar dadas las diversas conclusiones al respecto, algunos hacen \u00e9nfasis en que a\u00fan con esta caracter\u00edstica, la enfermedad no dejar\u00e1 de ser grave.<\/p>\n","protected":false},"excerpt":{"rendered":"<p>Tras unos meses de sostenido descenso, los casos de COVID en M\u00e9xico comenzaron a incrementar a inicios de noviembre hasta alcanzar los 20 mil 642 casos el 13 de diciembre, seg\u00fan datos oficiales del gobierno. El subsecretario de Salud, Hugo L\u00f3pez-Gatell, explic\u00f3 este martes que el repunte atiende la misma l\u00f3gica de las enfermedades respiratorias [&hellip;]<\/p>\n","protected":false},"author":4,"featured_media":18100,"comment_status":"open","ping_status":"open","sticky":false,"template":"","format":"standard","meta":{"om_disable_all_campaigns":false,"_monsterinsights_skip_tracking":false,"_monsterinsights_sitenote_active":false,"_monsterinsights_sitenote_note":"","_monsterinsights_sitenote_category":0,"footnotes":""},"categories":[176],"tags":[],"class_list":["post-18099","post","type-post","status-publish","format-standard","has-post-thumbnail","hentry","category-nacional"],"amp_enabled":true,"_links":{"self":[{"href":"https:\/\/lahora.mx\/index.php\/wp-json\/wp\/v2\/posts\/18099","targetHints":{"allow":["GET"]}}],"collection":[{"href":"https:\/\/lahora.mx\/index.php\/wp-json\/wp\/v2\/posts"}],"about":[{"href":"https:\/\/lahora.mx\/index.php\/wp-json\/wp\/v2\/types\/post"}],"author":[{"embeddable":true,"href":"https:\/\/lahora.mx\/index.php\/wp-json\/wp\/v2\/users\/4"}],"replies":[{"embeddable":true,"href":"https:\/\/lahora.mx\/index.php\/wp-json\/wp\/v2\/comments?post=18099"}],"version-history":[{"count":1,"href":"https:\/\/lahora.mx\/index.php\/wp-json\/wp\/v2\/posts\/18099\/revisions"}],"predecessor-version":[{"id":18101,"href":"https:\/\/lahora.mx\/index.php\/wp-json\/wp\/v2\/posts\/18099\/revisions\/18101"}],"wp:featuredmedia":[{"embeddable":true,"href":"https:\/\/lahora.mx\/index.php\/wp-json\/wp\/v2\/media\/18100"}],"wp:attachment":[{"href":"https:\/\/lahora.mx\/index.php\/wp-json\/wp\/v2\/media?parent=18099"}],"wp:term":[{"taxonomy":"category","embeddable":true,"href":"https:\/\/lahora.mx\/index.php\/wp-json\/wp\/v2\/categories?post=18099"},{"taxonomy":"post_tag","embeddable":true,"href":"https:\/\/lahora.mx\/index.php\/wp-json\/wp\/v2\/tags?post=18099"}],"curies":[{"name":"wp","href":"https:\/\/api.w.org\/{rel}","templated":true}]}}