{"id":1808,"date":"2022-01-18T01:58:05","date_gmt":"2022-01-18T01:58:05","guid":{"rendered":"http:\/\/lahora.mx\/?p=1808"},"modified":"2022-01-18T01:58:05","modified_gmt":"2022-01-18T01:58:05","slug":"logra-gobierno-de-puebla-acuerdo-con-cis","status":"publish","type":"post","link":"https:\/\/lahora.mx\/index.php\/2022\/01\/18\/logra-gobierno-de-puebla-acuerdo-con-cis\/","title":{"rendered":"Logra gobierno de Puebla acuerdo con CIS"},"content":{"rendered":"<p>Tras varios meses de negociaciones entre el <strong>Gobierno del Estado<\/strong> y la empresa constructora, se acord\u00f3 la disminuci\u00f3n del costo de operaci\u00f3n del <strong>Centro Integral de Servicios<\/strong> (CIS), por un monto aproximado de 300 millones de pesos, a partir del mes de enero de 2022.<\/p>\n<p>Desde el inicio de su administraci\u00f3n, el gobernador <strong>Miguel Barbosa Huerta<\/strong> se comprometi\u00f3 con la austeridad y con el fortalecimiento de las finanzas p\u00fablicas estatales. Esta decisi\u00f3n, adem\u00e1s de representar un importante ahorro en el funcionamiento del CIS, permite disponer de recursos adicionales en el corto plazo para atender las necesidades de los poblanos.<\/p>\n<p>Este acuerdo fue resultado de la disposici\u00f3n y voluntad del gobernador Barbosa Huerta y del empresario <strong>Jos\u00e9 Abed Roaunett<\/strong>, quienes en todo momento velaron por mejorar las condiciones financieras del proyecto en beneficio del estado de Puebla.<\/p>\n<p>El CIS ha sido calificado como un <strong>sitio eficiente<\/strong> para la gesti\u00f3n de la administraci\u00f3n p\u00fablica, con tr\u00e1mites sencillos, en poco tiempo, y con instalaciones modernas, seguras y funcionales.<\/p>\n<p>&nbsp;<\/p>\n","protected":false},"excerpt":{"rendered":"<p>Tras varios meses de negociaciones entre el Gobierno del Estado y la empresa constructora, se acord\u00f3 la disminuci\u00f3n del costo de operaci\u00f3n del Centro Integral de Servicios (CIS), por un monto aproximado de 300 millones de pesos, a partir del mes de enero de 2022. Desde el inicio de su administraci\u00f3n, el gobernador Miguel Barbosa [&hellip;]<\/p>\n","protected":false},"author":5,"featured_media":1809,"comment_status":"open","ping_status":"open","sticky":false,"template":"","format":"standard","meta":{"om_disable_all_campaigns":false,"_monsterinsights_skip_tracking":false,"_monsterinsights_sitenote_active":false,"_monsterinsights_sitenote_note":"","_monsterinsights_sitenote_category":0,"footnotes":""},"categories":[175],"tags":[223],"class_list":["post-1808","post","type-post","status-publish","format-standard","has-post-thumbnail","hentry","category-local","tag-puebla"],"amp_enabled":true,"_links":{"self":[{"href":"https:\/\/lahora.mx\/index.php\/wp-json\/wp\/v2\/posts\/1808","targetHints":{"allow":["GET"]}}],"collection":[{"href":"https:\/\/lahora.mx\/index.php\/wp-json\/wp\/v2\/posts"}],"about":[{"href":"https:\/\/lahora.mx\/index.php\/wp-json\/wp\/v2\/types\/post"}],"author":[{"embeddable":true,"href":"https:\/\/lahora.mx\/index.php\/wp-json\/wp\/v2\/users\/5"}],"replies":[{"embeddable":true,"href":"https:\/\/lahora.mx\/index.php\/wp-json\/wp\/v2\/comments?post=1808"}],"version-history":[{"count":1,"href":"https:\/\/lahora.mx\/index.php\/wp-json\/wp\/v2\/posts\/1808\/revisions"}],"predecessor-version":[{"id":1810,"href":"https:\/\/lahora.mx\/index.php\/wp-json\/wp\/v2\/posts\/1808\/revisions\/1810"}],"wp:featuredmedia":[{"embeddable":true,"href":"https:\/\/lahora.mx\/index.php\/wp-json\/wp\/v2\/media\/1809"}],"wp:attachment":[{"href":"https:\/\/lahora.mx\/index.php\/wp-json\/wp\/v2\/media?parent=1808"}],"wp:term":[{"taxonomy":"category","embeddable":true,"href":"https:\/\/lahora.mx\/index.php\/wp-json\/wp\/v2\/categories?post=1808"},{"taxonomy":"post_tag","embeddable":true,"href":"https:\/\/lahora.mx\/index.php\/wp-json\/wp\/v2\/tags?post=1808"}],"curies":[{"name":"wp","href":"https:\/\/api.w.org\/{rel}","templated":true}]}}