{"id":18064,"date":"2022-12-14T19:24:46","date_gmt":"2022-12-14T19:24:46","guid":{"rendered":"http:\/\/lahora.mx\/?p=18064"},"modified":"2022-12-14T19:24:46","modified_gmt":"2022-12-14T19:24:46","slug":"asi-fue-el-homenaje-de-cuerpo-presente-a-barbosa-en-congreso-de-puebla","status":"publish","type":"post","link":"https:\/\/lahora.mx\/index.php\/2022\/12\/14\/asi-fue-el-homenaje-de-cuerpo-presente-a-barbosa-en-congreso-de-puebla\/","title":{"rendered":"As\u00ed fue el homenaje de cuerpo presente a Barbosa en Congreso de Puebla"},"content":{"rendered":"\n<p class=\"wp-block-paragraph\">As\u00ed fue el homenaje de cuerpo presente a Barbosa en Congreso de Puebla (video)<br>Por Redacci\u00f3n e-consulta | Mi\u00e9rcoles, Diciembre 14, 2022 <br>El gobernador puede irse en paz \u00abcon la tranquilidad del deber cumplido\u201d, afirma presidente del Legislativo local<br>Entre porras y aplausos ingres\u00f3 el f\u00e9retro de Miguel Barbosa Huerta al Congreso del Estado en donde legisladores y funcionarios estatales ya lo esperaban para el homenaje p\u00f3stumo al gobernador de Puebla fallecido la tarde del 13 de diciembre.<\/p>\n\n\n\n<p class=\"wp-block-paragraph\">Una vez dentro, el ata\u00fad del gobernador Barbosa fue colocado al centro en donde m\u00e1s tarde los legisladores montaron guardias de honor.<\/p>\n\n\n\n<p class=\"wp-block-paragraph\">Ah\u00ed, el presidente del Congreso, Sergio Salom\u00f3n C\u00e9spedes Peregrina, se\u00f1al\u00f3 los logros del mandatario durante sus cuatro a\u00f1os de gobierno.<\/p>\n\n\n\n<p class=\"wp-block-paragraph\">\u00abCon Miguel Barbosa se termin\u00f3 la distinci\u00f3n entre capital y los dem\u00e1s municipios, se terminaron los privilegios, la corrupci\u00f3n y el uso del poder para favorecer intereses personales\u00bb, afirm\u00f3 el legislador.<\/p>\n\n\n\n<p class=\"wp-block-paragraph\">\u200b<\/p>\n\n\n\n<p class=\"wp-block-paragraph\">Record\u00f3 que hoy Miguel Barbosa har\u00eda entrega de su Cuarto Informe de Gobierno al tiempo que dijo que puede irse en paz, \u00abcon la tranquilidad del deber cumplido\u00bb y con la certeza de que buscar\u00e1n que siga la transformaci\u00f3n que comenz\u00f3 en la entidad.<\/p>\n\n\n\n<p class=\"wp-block-paragraph\">Luego del discurso de C\u00e9spedes Peregrina se enton\u00f3 el Himno Nacional Mexicano y entonces los legisladores montaron guardia de honor junto al cuerpo del mandatario.<\/p>\n\n\n\n<p class=\"wp-block-paragraph\">Los primeros en rendir homenaje fueron los integrantes de la Junta de Gobierno y Coordinaci\u00f3n Pol\u00edtica (Jugocopo), les siguieron los integrantes de la Mesa Directiva, y posteriormente las respectivas bancadas parlamentarias.<\/p>\n\n\n\n<p class=\"wp-block-paragraph\">Al final el homenaje de cuerpo presente a Miguel Barbosa en el Congreso de Puebla culmin\u00f3 con un minuto de aplausos para luego trasladar el f\u00e9retro al Palacio de Gobierno.<\/p>\n","protected":false},"excerpt":{"rendered":"<p>As\u00ed fue el homenaje de cuerpo presente a Barbosa en Congreso de Puebla (video)Por Redacci\u00f3n e-consulta | Mi\u00e9rcoles, Diciembre 14, 2022 El gobernador puede irse en paz \u00abcon la tranquilidad del deber cumplido\u201d, afirma presidente del Legislativo localEntre porras y aplausos ingres\u00f3 el f\u00e9retro de Miguel Barbosa Huerta al Congreso del Estado en donde legisladores [&hellip;]<\/p>\n","protected":false},"author":4,"featured_media":18065,"comment_status":"open","ping_status":"open","sticky":false,"template":"","format":"standard","meta":{"om_disable_all_campaigns":false,"_monsterinsights_skip_tracking":false,"footnotes":""},"categories":[175],"tags":[223],"class_list":["post-18064","post","type-post","status-publish","format-standard","has-post-thumbnail","hentry","category-local","tag-puebla"],"amp_enabled":true,"_links":{"self":[{"href":"https:\/\/lahora.mx\/index.php\/wp-json\/wp\/v2\/posts\/18064","targetHints":{"allow":["GET"]}}],"collection":[{"href":"https:\/\/lahora.mx\/index.php\/wp-json\/wp\/v2\/posts"}],"about":[{"href":"https:\/\/lahora.mx\/index.php\/wp-json\/wp\/v2\/types\/post"}],"author":[{"embeddable":true,"href":"https:\/\/lahora.mx\/index.php\/wp-json\/wp\/v2\/users\/4"}],"replies":[{"embeddable":true,"href":"https:\/\/lahora.mx\/index.php\/wp-json\/wp\/v2\/comments?post=18064"}],"version-history":[{"count":1,"href":"https:\/\/lahora.mx\/index.php\/wp-json\/wp\/v2\/posts\/18064\/revisions"}],"predecessor-version":[{"id":18066,"href":"https:\/\/lahora.mx\/index.php\/wp-json\/wp\/v2\/posts\/18064\/revisions\/18066"}],"wp:featuredmedia":[{"embeddable":true,"href":"https:\/\/lahora.mx\/index.php\/wp-json\/wp\/v2\/media\/18065"}],"wp:attachment":[{"href":"https:\/\/lahora.mx\/index.php\/wp-json\/wp\/v2\/media?parent=18064"}],"wp:term":[{"taxonomy":"category","embeddable":true,"href":"https:\/\/lahora.mx\/index.php\/wp-json\/wp\/v2\/categories?post=18064"},{"taxonomy":"post_tag","embeddable":true,"href":"https:\/\/lahora.mx\/index.php\/wp-json\/wp\/v2\/tags?post=18064"}],"curies":[{"name":"wp","href":"https:\/\/api.w.org\/{rel}","templated":true}]}}