{"id":18025,"date":"2022-12-14T00:22:13","date_gmt":"2022-12-14T00:22:13","guid":{"rendered":"http:\/\/lahora.mx\/?p=18025"},"modified":"2022-12-14T00:22:13","modified_gmt":"2022-12-14T00:22:13","slug":"eduardo-rivera-da-sus-condolencias-por-muerte-de-miguel-barbosa","status":"publish","type":"post","link":"https:\/\/lahora.mx\/index.php\/2022\/12\/14\/eduardo-rivera-da-sus-condolencias-por-muerte-de-miguel-barbosa\/","title":{"rendered":"Eduardo Rivera da sus condolencias por muerte de Miguel Barbosa"},"content":{"rendered":"\n<p class=\"wp-block-paragraph\">El alcalde capitalino Eduardo Rivera P\u00e9rez lament\u00f3 el fallecimiento del gobernador morenista Luis Miguel Barbosa Huerta.<\/p>\n\n\n\n<p class=\"wp-block-paragraph\">A trav\u00e9s de un mensaje en su cuenta de Twitter, el presidente municipal expres\u00f3 su p\u00e9same a la se\u00f1ora Mar\u00eda del Rosario Orozco, esposa del mandatario poblano, hijos, familias y amigos.<br>Rivera P\u00e9rez expuso que con el gobernador comparti\u00f3 la experiencia legislativa y el servicio p\u00fablico desde hace a\u00f1os.<\/p>\n\n\n\n<p class=\"wp-block-paragraph\">\u201cMi familia y yo lamentamos el sensible fallecimiento del Gobernador @MBarbosaMX, con quien compart\u00ed la experiencia legislativa y el servicio p\u00fablico desde hace a\u00f1os. Mis sinceras condolencias a la Sra. Mar\u00eda del Rosario Orozco, sus hijos y a su equipo de trabajo\u201d, escribi\u00f3 en sus redes sociales acompa\u00f1ado de una imagen.<br>Barbosa Huerta muri\u00f3 la tarde de hoy 13 de diciembre a la edad de 63 a\u00f1os, luego de ser trasladado de emergencia a la Ciudad de M\u00e9xico tras complicaciones en su salud.<\/p>\n\n\n\n<p class=\"wp-block-paragraph\">De acuerdo con los primeros informes, el mandatario habr\u00eda sufrido un infarto por lo que de inmediato recibi\u00f3 atenci\u00f3n m\u00e9dica en Puebla para luego ser trasladado, desde el Hospital de Ortopedia del Sector Salud al Instituto Nacional de Cardiolog\u00eda Ignacio Ch\u00e1vez en la Ciudad de M\u00e9xico, donde pese a la atenci\u00f3n recibida no resisti\u00f3 y falleci\u00f3.<\/p>\n\n\n\n<p class=\"wp-block-paragraph\">Es de mencionar que el titular del Ejecutivo hab\u00eda se\u00f1alado que exist\u00eda una amistad longeva con el panista Rivera P\u00e9rez, la cual trascend\u00eda afiliaciones partidistas.<\/p>\n\n\n\n<p class=\"wp-block-paragraph\">\u201cDesde luego, estoy aqu\u00ed muy gustoso, felicitando a mi amigo de muchos a\u00f1os, Eduardo Rivera\u201d, expres\u00f3 el mandatario durante su participaci\u00f3n en un evento realizado el pasado 13 de julio.<\/p>\n\n\n\n<p class=\"wp-block-paragraph\">Inclusive reconoci\u00f3 que su entra\u00f1able apego con el edil panista pudiera ser motivo de incomodidad para algunos de los militantes de Morena.<\/p>\n","protected":false},"excerpt":{"rendered":"<p>El alcalde capitalino Eduardo Rivera P\u00e9rez lament\u00f3 el fallecimiento del gobernador morenista Luis Miguel Barbosa Huerta. A trav\u00e9s de un mensaje en su cuenta de Twitter, el presidente municipal expres\u00f3 su p\u00e9same a la se\u00f1ora Mar\u00eda del Rosario Orozco, esposa del mandatario poblano, hijos, familias y amigos.Rivera P\u00e9rez expuso que con el gobernador comparti\u00f3 la [&hellip;]<\/p>\n","protected":false},"author":4,"featured_media":18026,"comment_status":"open","ping_status":"open","sticky":false,"template":"","format":"standard","meta":{"om_disable_all_campaigns":false,"_monsterinsights_skip_tracking":false,"footnotes":""},"categories":[175],"tags":[223],"class_list":["post-18025","post","type-post","status-publish","format-standard","has-post-thumbnail","hentry","category-local","tag-puebla"],"amp_enabled":true,"_links":{"self":[{"href":"https:\/\/lahora.mx\/index.php\/wp-json\/wp\/v2\/posts\/18025","targetHints":{"allow":["GET"]}}],"collection":[{"href":"https:\/\/lahora.mx\/index.php\/wp-json\/wp\/v2\/posts"}],"about":[{"href":"https:\/\/lahora.mx\/index.php\/wp-json\/wp\/v2\/types\/post"}],"author":[{"embeddable":true,"href":"https:\/\/lahora.mx\/index.php\/wp-json\/wp\/v2\/users\/4"}],"replies":[{"embeddable":true,"href":"https:\/\/lahora.mx\/index.php\/wp-json\/wp\/v2\/comments?post=18025"}],"version-history":[{"count":1,"href":"https:\/\/lahora.mx\/index.php\/wp-json\/wp\/v2\/posts\/18025\/revisions"}],"predecessor-version":[{"id":18027,"href":"https:\/\/lahora.mx\/index.php\/wp-json\/wp\/v2\/posts\/18025\/revisions\/18027"}],"wp:featuredmedia":[{"embeddable":true,"href":"https:\/\/lahora.mx\/index.php\/wp-json\/wp\/v2\/media\/18026"}],"wp:attachment":[{"href":"https:\/\/lahora.mx\/index.php\/wp-json\/wp\/v2\/media?parent=18025"}],"wp:term":[{"taxonomy":"category","embeddable":true,"href":"https:\/\/lahora.mx\/index.php\/wp-json\/wp\/v2\/categories?post=18025"},{"taxonomy":"post_tag","embeddable":true,"href":"https:\/\/lahora.mx\/index.php\/wp-json\/wp\/v2\/tags?post=18025"}],"curies":[{"name":"wp","href":"https:\/\/api.w.org\/{rel}","templated":true}]}}