{"id":17982,"date":"2022-12-13T15:27:45","date_gmt":"2022-12-13T15:27:45","guid":{"rendered":"http:\/\/lahora.mx\/?p=17982"},"modified":"2022-12-13T15:27:46","modified_gmt":"2022-12-13T15:27:46","slug":"un-incremento-de-casos-de-covid-19-desde-hace-seis-semanas-menciona-hugo-lopez-gatell","status":"publish","type":"post","link":"https:\/\/lahora.mx\/index.php\/2022\/12\/13\/un-incremento-de-casos-de-covid-19-desde-hace-seis-semanas-menciona-hugo-lopez-gatell\/","title":{"rendered":"Un incremento de casos de covid-19 desde hace seis semanas menciona Hugo L\u00f3pez-Gatell"},"content":{"rendered":"\n<p>Desde hace seis semanas M\u00e9xico presenta un incremento de casos de covid-19 debido a la temporada invernal, explic\u00f3 Hugo L\u00f3pez-Gatell Ram\u00edrez, subsecretario de Prevenci\u00f3n y Promoci\u00f3n de la Salud, adem\u00e1s, explic\u00f3 que el virus \u00abprogresivamente\u00bb entrar\u00e1 en una fase estacional y dejar\u00e1 de tener oleadas en primavera y verano.<\/p>\n\n\n\n<p>\u201cDurante la etapa invernal es normal que existan m\u00e1s enfermedades respiratorias debido a que las gotas de l\u00edquido respiratorio duran m\u00e1s tiempo en el aire cuando el ambiente es m\u00e1s fr\u00edo, adem\u00e1s porque solemos congregarnos m\u00e1s en estas fechas\u201d, dijo.<\/p>\n\n\n\n<p>En el \u201cPulso de la Salud\u201d, durante la conferencia de prensa matutina, Gatell Ram\u00edrez dijo que en la semana del 4 al 10 de diciembre el promedio diario de casos de covid-19 fue de mil 818, adem\u00e1s, inform\u00f3 que la ocupaci\u00f3n de camas generales es del 4 por ciento y la ocupaci\u00f3n de camas con ventilador del 2 por ciento.<\/p>\n\n\n\n<p>Sobre la cifra de muertes por covid-19 en esta sexta ola, el funcionario asegur\u00f3 que la mortalidad es francamente baja gracias a la vacunaci\u00f3n.<\/p>\n\n\n\n<p>Agreg\u00f3 que \u00abeste a\u00f1o ha vuelto la influenza al hemisferio norte\u00bb, por lo que llam\u00f3 a las personas de la tercera edad, embarazadas y con inmunosupresi\u00f3n a acunarse contra esta enfermedad.<\/p>\n\n\n\n<p>Subray\u00f3 que hasta el momento se han aplicado 24 millones 86 mil 715 dosis de vacunas contra la influenza.<\/p>\n\n\n\n<p>El funcionario, expuso adem\u00e1s una serie de medidas de protecci\u00f3n contra las infecciones respiratorias agudas, como el uso de cubrebocas, la vacunaci\u00f3n, limpieza de superficies con frecuencia, en caso de enfermedad quedarse en casa y aplicar el estornudo de etiqueta.<\/p>\n","protected":false},"excerpt":{"rendered":"<p>Desde hace seis semanas M\u00e9xico presenta un incremento de casos de covid-19 debido a la temporada invernal, explic\u00f3 Hugo L\u00f3pez-Gatell Ram\u00edrez, subsecretario de Prevenci\u00f3n y Promoci\u00f3n de la Salud, adem\u00e1s, explic\u00f3 que el virus \u00abprogresivamente\u00bb entrar\u00e1 en una fase estacional y dejar\u00e1 de tener oleadas en primavera y verano. \u201cDurante la etapa invernal es normal [&hellip;]<\/p>\n","protected":false},"author":4,"featured_media":17983,"comment_status":"open","ping_status":"open","sticky":false,"template":"","format":"standard","meta":{"om_disable_all_campaigns":false,"_monsterinsights_skip_tracking":false,"_monsterinsights_sitenote_active":false,"_monsterinsights_sitenote_note":"","_monsterinsights_sitenote_category":0,"footnotes":""},"categories":[176],"tags":[195],"class_list":["post-17982","post","type-post","status-publish","format-standard","has-post-thumbnail","hentry","category-nacional","tag-principal"],"amp_enabled":true,"_links":{"self":[{"href":"https:\/\/lahora.mx\/index.php\/wp-json\/wp\/v2\/posts\/17982","targetHints":{"allow":["GET"]}}],"collection":[{"href":"https:\/\/lahora.mx\/index.php\/wp-json\/wp\/v2\/posts"}],"about":[{"href":"https:\/\/lahora.mx\/index.php\/wp-json\/wp\/v2\/types\/post"}],"author":[{"embeddable":true,"href":"https:\/\/lahora.mx\/index.php\/wp-json\/wp\/v2\/users\/4"}],"replies":[{"embeddable":true,"href":"https:\/\/lahora.mx\/index.php\/wp-json\/wp\/v2\/comments?post=17982"}],"version-history":[{"count":1,"href":"https:\/\/lahora.mx\/index.php\/wp-json\/wp\/v2\/posts\/17982\/revisions"}],"predecessor-version":[{"id":17984,"href":"https:\/\/lahora.mx\/index.php\/wp-json\/wp\/v2\/posts\/17982\/revisions\/17984"}],"wp:featuredmedia":[{"embeddable":true,"href":"https:\/\/lahora.mx\/index.php\/wp-json\/wp\/v2\/media\/17983"}],"wp:attachment":[{"href":"https:\/\/lahora.mx\/index.php\/wp-json\/wp\/v2\/media?parent=17982"}],"wp:term":[{"taxonomy":"category","embeddable":true,"href":"https:\/\/lahora.mx\/index.php\/wp-json\/wp\/v2\/categories?post=17982"},{"taxonomy":"post_tag","embeddable":true,"href":"https:\/\/lahora.mx\/index.php\/wp-json\/wp\/v2\/tags?post=17982"}],"curies":[{"name":"wp","href":"https:\/\/api.w.org\/{rel}","templated":true}]}}