{"id":17970,"date":"2022-12-13T00:58:16","date_gmt":"2022-12-13T00:58:16","guid":{"rendered":"http:\/\/lahora.mx\/?p=17970"},"modified":"2022-12-13T00:58:16","modified_gmt":"2022-12-13T00:58:16","slug":"hallan-a-mujer-decapitada-en-molcaxac","status":"publish","type":"post","link":"https:\/\/lahora.mx\/index.php\/2022\/12\/13\/hallan-a-mujer-decapitada-en-molcaxac\/","title":{"rendered":"Hallan a mujer decapitada en Molcaxac"},"content":{"rendered":"\n<p>En un camino de terracer\u00eda del municipio de Molcaxac fue abandonado el cad\u00e1ver de una mujer que fue asesinada con extrema violencia, sin que al momento se conozca su identidad ni la del responsable de este feminicidio en Puebla.<\/p>\n\n\n\n<p>La v\u00edctima de alrededor de 30 a\u00f1os no solo fue encontrada degollada sino tambi\u00e9n con otros golpes e incluso semidesnuda ya que seg\u00fan los informes preliminares del caso se\u00f1alaron que solo ten\u00eda ropa interior y tenis de color rojo, blusa blanca, cabello largo, adem\u00e1s portaba una medalla con dije de la figura de la Santa Muerte con piedras de color rojo.<\/p>\n\n\n\n<p><br>Comuneros fueron quienes hicieron el hallazgo de cad\u00e1ver cerca de la carretera La Colorada-Tepexi de Rodr\u00edguez, a la altura del municipio de Molcaxac.<\/p>\n\n\n\n<p>Los pobladores solicitaron la ayuda de los param\u00e9dicos y de la polic\u00eda local, sin embargo, los T\u00e9cnicos en Urgencias M\u00e9dicas (TUM\u2019s) solo confirmaron que la mujer de tez morena ya no ten\u00eda signos vitales por lo que los polic\u00edas del municipio acordonaron la zona y dieron parte a la Fiscal\u00eda General del Estado de Puebla (FGE).<br>Correspondi\u00f3 a elementos de la Fiscal\u00eda Especializada en Delitos de Violencia de G\u00e9nero Contra las Mujeres de Puebla encabezar las diligencias del levantamiento del cuerpo el cual fue anotado en calidad de desconocido.<\/p>\n\n\n\n<p>Mediante necropsia de ley se espera confirmar la causa de muerte y se espera que alg\u00fan familiar se presente a identificar a la mujer hallada muerta en Molcaxac mientras los agentes ministeriales ya indagan el m\u00f3vil de los hechos ocurridos el fin de semana, pero dados a conocer en las \u00faltimas horas.<\/p>\n","protected":false},"excerpt":{"rendered":"<p>En un camino de terracer\u00eda del municipio de Molcaxac fue abandonado el cad\u00e1ver de una mujer que fue asesinada con extrema violencia, sin que al momento se conozca su identidad ni la del responsable de este feminicidio en Puebla. La v\u00edctima de alrededor de 30 a\u00f1os no solo fue encontrada degollada sino tambi\u00e9n con otros [&hellip;]<\/p>\n","protected":false},"author":4,"featured_media":17971,"comment_status":"open","ping_status":"open","sticky":false,"template":"","format":"standard","meta":{"om_disable_all_campaigns":false,"_monsterinsights_skip_tracking":false,"_monsterinsights_sitenote_active":false,"_monsterinsights_sitenote_note":"","_monsterinsights_sitenote_category":0,"footnotes":""},"categories":[176,226],"tags":[223],"class_list":["post-17970","post","type-post","status-publish","format-standard","has-post-thumbnail","hentry","category-nacional","category-policia","tag-puebla"],"amp_enabled":true,"_links":{"self":[{"href":"https:\/\/lahora.mx\/index.php\/wp-json\/wp\/v2\/posts\/17970","targetHints":{"allow":["GET"]}}],"collection":[{"href":"https:\/\/lahora.mx\/index.php\/wp-json\/wp\/v2\/posts"}],"about":[{"href":"https:\/\/lahora.mx\/index.php\/wp-json\/wp\/v2\/types\/post"}],"author":[{"embeddable":true,"href":"https:\/\/lahora.mx\/index.php\/wp-json\/wp\/v2\/users\/4"}],"replies":[{"embeddable":true,"href":"https:\/\/lahora.mx\/index.php\/wp-json\/wp\/v2\/comments?post=17970"}],"version-history":[{"count":1,"href":"https:\/\/lahora.mx\/index.php\/wp-json\/wp\/v2\/posts\/17970\/revisions"}],"predecessor-version":[{"id":17972,"href":"https:\/\/lahora.mx\/index.php\/wp-json\/wp\/v2\/posts\/17970\/revisions\/17972"}],"wp:featuredmedia":[{"embeddable":true,"href":"https:\/\/lahora.mx\/index.php\/wp-json\/wp\/v2\/media\/17971"}],"wp:attachment":[{"href":"https:\/\/lahora.mx\/index.php\/wp-json\/wp\/v2\/media?parent=17970"}],"wp:term":[{"taxonomy":"category","embeddable":true,"href":"https:\/\/lahora.mx\/index.php\/wp-json\/wp\/v2\/categories?post=17970"},{"taxonomy":"post_tag","embeddable":true,"href":"https:\/\/lahora.mx\/index.php\/wp-json\/wp\/v2\/tags?post=17970"}],"curies":[{"name":"wp","href":"https:\/\/api.w.org\/{rel}","templated":true}]}}