{"id":17951,"date":"2022-12-12T20:58:28","date_gmt":"2022-12-12T20:58:28","guid":{"rendered":"http:\/\/lahora.mx\/?p=17951"},"modified":"2022-12-12T20:58:29","modified_gmt":"2022-12-12T20:58:29","slug":"incrementa-precio-de-sus-cervezas-de-grupo-modelo","status":"publish","type":"post","link":"https:\/\/lahora.mx\/index.php\/2022\/12\/12\/incrementa-precio-de-sus-cervezas-de-grupo-modelo\/","title":{"rendered":"Incrementa precio de sus cervezas de grupo Modelo"},"content":{"rendered":"\n<p class=\"wp-block-paragraph\">La Alianza Nacional de Peque\u00f1os Comerciantes (ANPEC) inform\u00f3 que los precios de las cervezas de Grupo Modelo incrementar\u00edan a partir de este lunes 12 de diciembre a causa de la inflaci\u00f3n que se viven en el pa\u00eds.<\/p>\n\n\n\n<p class=\"wp-block-paragraph\">\u201cDentro del contexto inflacionario que se vive en el pa\u00eds, la escalada de precios no cesa en los productos que las familias mexicanas consumen, lo que provoca que cada vez sea m\u00e1s dif\u00edcil cumplir con las expectativas alimentarias\u201d, declar\u00f3 la ANPEC en un comunicado.<br>Los precios de la canasta b\u00e1sica no han dejado de subir a lo largo del a\u00f1o, un hecho que cada vez dificulta m\u00e1s a las familias obtener sus insumos alimentarios, pese a ello la ANPEC prev\u00e9 que los costos seguir\u00e1n al alza hasta el 2023:<br>\u201cSin ser alarmistas, m\u00e1s bien realistas, se prev\u00e9 que la inflaci\u00f3n no detenga su curso y contin\u00fae a la alza para el 2023\u201d, a\u00f1adi\u00f3.<br>A\u00fan no se ha dado a conocer la cifra exacta del alza en el precio de los productos cerveceros de Grupo Modelo pero dejamos una lista de los que pertenecen a la marca y que quiz\u00e1s no conoc\u00edas:<\/p>\n\n\n\n<p class=\"wp-block-paragraph\">Corona Extra<br>Victoria<br>Modelo Especial<br>Negra Modelo<br>Bud Light<br>Barrilito<br>Stella Artois<br>Michelob Ultra<br>Montejo<br>Budweiser<br>Le\u00f3n<br>Corona Light<br>Corona Ambar<br>Corona Ligera<br>Modelo Noche Especial<br>Modelo Trigo<br>Vicky Chelada<br>Vicky Chamoy<br>Corona Cero<br>Modelo Ambar<br>Pacifico Light<br>Pacifico Suave<br>Pacifico Clara<br>Estrella<br>Busch light<br>Guiness<br>Tijuana Guera<br>Tijuana Morena<br>Victoria ligera 1.8<br>Bocanegra Dunkel<br>Bocanegra Pilsener<br>Cucapa Oscura<br>Cucapa Border<br>Cucapa Kolsch<br>Hoegaarden<\/p>\n","protected":false},"excerpt":{"rendered":"<p>La Alianza Nacional de Peque\u00f1os Comerciantes (ANPEC) inform\u00f3 que los precios de las cervezas de Grupo Modelo incrementar\u00edan a partir de este lunes 12 de diciembre a causa de la inflaci\u00f3n que se viven en el pa\u00eds. \u201cDentro del contexto inflacionario que se vive en el pa\u00eds, la escalada de precios no cesa en los [&hellip;]<\/p>\n","protected":false},"author":4,"featured_media":17952,"comment_status":"open","ping_status":"open","sticky":false,"template":"","format":"standard","meta":{"om_disable_all_campaigns":false,"_monsterinsights_skip_tracking":false,"footnotes":""},"categories":[176],"tags":[195],"class_list":["post-17951","post","type-post","status-publish","format-standard","has-post-thumbnail","hentry","category-nacional","tag-principal"],"amp_enabled":true,"_links":{"self":[{"href":"https:\/\/lahora.mx\/index.php\/wp-json\/wp\/v2\/posts\/17951","targetHints":{"allow":["GET"]}}],"collection":[{"href":"https:\/\/lahora.mx\/index.php\/wp-json\/wp\/v2\/posts"}],"about":[{"href":"https:\/\/lahora.mx\/index.php\/wp-json\/wp\/v2\/types\/post"}],"author":[{"embeddable":true,"href":"https:\/\/lahora.mx\/index.php\/wp-json\/wp\/v2\/users\/4"}],"replies":[{"embeddable":true,"href":"https:\/\/lahora.mx\/index.php\/wp-json\/wp\/v2\/comments?post=17951"}],"version-history":[{"count":1,"href":"https:\/\/lahora.mx\/index.php\/wp-json\/wp\/v2\/posts\/17951\/revisions"}],"predecessor-version":[{"id":17953,"href":"https:\/\/lahora.mx\/index.php\/wp-json\/wp\/v2\/posts\/17951\/revisions\/17953"}],"wp:featuredmedia":[{"embeddable":true,"href":"https:\/\/lahora.mx\/index.php\/wp-json\/wp\/v2\/media\/17952"}],"wp:attachment":[{"href":"https:\/\/lahora.mx\/index.php\/wp-json\/wp\/v2\/media?parent=17951"}],"wp:term":[{"taxonomy":"category","embeddable":true,"href":"https:\/\/lahora.mx\/index.php\/wp-json\/wp\/v2\/categories?post=17951"},{"taxonomy":"post_tag","embeddable":true,"href":"https:\/\/lahora.mx\/index.php\/wp-json\/wp\/v2\/tags?post=17951"}],"curies":[{"name":"wp","href":"https:\/\/api.w.org\/{rel}","templated":true}]}}