{"id":17948,"date":"2022-12-12T17:14:35","date_gmt":"2022-12-12T17:14:35","guid":{"rendered":"http:\/\/lahora.mx\/?p=17948"},"modified":"2022-12-12T17:14:35","modified_gmt":"2022-12-12T17:14:35","slug":"ebrio-atropella-a-mas-de-una-decena-personas-en-una-fiesta-en-atlixco","status":"publish","type":"post","link":"https:\/\/lahora.mx\/index.php\/2022\/12\/12\/ebrio-atropella-a-mas-de-una-decena-personas-en-una-fiesta-en-atlixco\/","title":{"rendered":"Ebrio atropella a m\u00e1s de una decena personas en una fiesta en Atlixco"},"content":{"rendered":"\n<p class=\"wp-block-paragraph\">Un conductor en estado de ebriedad arroll\u00f3 a m\u00e1s de una decena de personas que se encontraban en una fiesta en la v\u00eda p\u00fablica, la noche del 11 de diciembre en calles de la comunidad de San Juan Castillotla, Atlixco. El hecho vial cobr\u00f3 la vida de tres personas y dej\u00f3 heridas a varias m\u00e1s.<\/p>\n\n\n\n<p class=\"wp-block-paragraph\">Los reportes iniciales del caso se\u00f1alan que el domingo, en la calle Jos\u00e9 Mar\u00eda Morelos, se realiz\u00f3 una fiesta de cumplea\u00f1os para un menor que cumpli\u00f3 cinco a\u00f1os; ya por la noche despu\u00e9s de las 23:00 horas entr\u00f3 una llamada de auxilio al n\u00famero de emergencias 911 en la que se inform\u00f3 sobre varias personas atropelladas en el referido lugar.<br>Seg\u00fan la queja de los pobladores, la ayuda lleg\u00f3 de manera tard\u00eda pues se argument\u00f3 que solo se contaba con una ambulancia. Al llegar al sitio los param\u00e9dicos encontraron a varias personas tiradas, por lo que procedieron a las revisiones correspondientes.<\/p>\n\n\n\n<p class=\"wp-block-paragraph\">Despu\u00e9s de los primeros auxilios, los T\u00e9cnicos en Urgencias M\u00e9dicas informaron que tres personas ya no contaban con signos vitales y se trataba de mujeres de entre 40 y 60 a\u00f1os de edad.<\/p>\n\n\n\n<p class=\"wp-block-paragraph\">No obstante, atendieron a al menos a 12 personas heridas que fueron llevadas a diversos nosocomios. Del caso se dio parte a los agentes viales del municipio, quienes se encargaron de las diligencias del levantamiento de cad\u00e1veres.<br>Se presume que el supuesto responsable fue retenido por otras personas en el lugar e incluso se salv\u00f3 de ser linchado pues a la llegada de los agentes viales fue detenido y puesto a disposici\u00f3n del agente del Ministerio P\u00fablico para las investigaciones correspondientes. El autom\u00f3vil negro que conduc\u00eda tambi\u00e9n fue puesto a disposici\u00f3n de las autoridades ministeriales.<\/p>\n","protected":false},"excerpt":{"rendered":"<p>Un conductor en estado de ebriedad arroll\u00f3 a m\u00e1s de una decena de personas que se encontraban en una fiesta en la v\u00eda p\u00fablica, la noche del 11 de diciembre en calles de la comunidad de San Juan Castillotla, Atlixco. El hecho vial cobr\u00f3 la vida de tres personas y dej\u00f3 heridas a varias m\u00e1s. [&hellip;]<\/p>\n","protected":false},"author":4,"featured_media":17949,"comment_status":"open","ping_status":"open","sticky":false,"template":"","format":"standard","meta":{"om_disable_all_campaigns":false,"_monsterinsights_skip_tracking":false,"footnotes":""},"categories":[175,226],"tags":[223],"class_list":["post-17948","post","type-post","status-publish","format-standard","has-post-thumbnail","hentry","category-local","category-policia","tag-puebla"],"amp_enabled":true,"_links":{"self":[{"href":"https:\/\/lahora.mx\/index.php\/wp-json\/wp\/v2\/posts\/17948","targetHints":{"allow":["GET"]}}],"collection":[{"href":"https:\/\/lahora.mx\/index.php\/wp-json\/wp\/v2\/posts"}],"about":[{"href":"https:\/\/lahora.mx\/index.php\/wp-json\/wp\/v2\/types\/post"}],"author":[{"embeddable":true,"href":"https:\/\/lahora.mx\/index.php\/wp-json\/wp\/v2\/users\/4"}],"replies":[{"embeddable":true,"href":"https:\/\/lahora.mx\/index.php\/wp-json\/wp\/v2\/comments?post=17948"}],"version-history":[{"count":1,"href":"https:\/\/lahora.mx\/index.php\/wp-json\/wp\/v2\/posts\/17948\/revisions"}],"predecessor-version":[{"id":17950,"href":"https:\/\/lahora.mx\/index.php\/wp-json\/wp\/v2\/posts\/17948\/revisions\/17950"}],"wp:featuredmedia":[{"embeddable":true,"href":"https:\/\/lahora.mx\/index.php\/wp-json\/wp\/v2\/media\/17949"}],"wp:attachment":[{"href":"https:\/\/lahora.mx\/index.php\/wp-json\/wp\/v2\/media?parent=17948"}],"wp:term":[{"taxonomy":"category","embeddable":true,"href":"https:\/\/lahora.mx\/index.php\/wp-json\/wp\/v2\/categories?post=17948"},{"taxonomy":"post_tag","embeddable":true,"href":"https:\/\/lahora.mx\/index.php\/wp-json\/wp\/v2\/tags?post=17948"}],"curies":[{"name":"wp","href":"https:\/\/api.w.org\/{rel}","templated":true}]}}