{"id":17903,"date":"2022-12-11T19:11:58","date_gmt":"2022-12-11T19:11:58","guid":{"rendered":"http:\/\/lahora.mx\/?p=17903"},"modified":"2022-12-11T19:11:59","modified_gmt":"2022-12-11T19:11:59","slug":"en-2023-el-salario-minimo-en-mexico-estara-encima-del-promedio-de-al-conasami","status":"publish","type":"post","link":"https:\/\/lahora.mx\/index.php\/2022\/12\/11\/en-2023-el-salario-minimo-en-mexico-estara-encima-del-promedio-de-al-conasami\/","title":{"rendered":"En 2023, el salario m\u00ednimo en M\u00e9xico estar\u00e1 encima del promedio de AL: Conasami"},"content":{"rendered":"\n<p class=\"wp-block-paragraph\">En el primer minuto de 2023, M\u00e9xico estar\u00e1 por encima del promedio de 301 d\u00f3lares mensuales de pago de salarios m\u00ednimos de los pa\u00edses de Am\u00e9rica Latina, derivado del incremento del 20% acordado por empresarios, trabajadores y gobierno, que lo lleva a sumar 321 d\u00f3lares al mes, seg\u00fan la Secretar\u00eda del Trabajo y Previsi\u00f3n Social (STPS) y la Comisi\u00f3n Nacional de los Salarios M\u00ednimos (Conasami).<\/p>\n\n\n\n<p class=\"wp-block-paragraph\">Detallaron que tal aumento permitir\u00e1 pasar de un salario m\u00ednimo de 172.87 pesos diarios a 207.44, lo que equivale a seis mil 310 pesos mensuales, correspondiente a un salario de 321 d\u00f3lares promedio, con ello, M\u00e9xico se ubica en el lugar n\u00famero siete dentro de los 20 pa\u00edses de la regi\u00f3n.<\/p>\n\n\n\n<p class=\"wp-block-paragraph\">Seg\u00fan la Conasami, de esta manera M\u00e9xico asciende 9 lugares desde el a\u00f1o 2020, en que ocupaba el puesto n\u00famero 16, por debajo de pa\u00edses como Honduras, El Salvador o Nicaragua.<\/p>\n\n\n\n<p class=\"wp-block-paragraph\">Con la pol\u00edtica de incrementos a los salarios del gobierno de M\u00e9xico, que ha sido sostenida con los cinco aumentos al salario m\u00ednimo de esta administraci\u00f3n: 16% en 2019, 20 por ciento en 2020, 15% en 2021, 22% en 2022 y 20% para 2023 sube su posici\u00f3n a nivel internacional.<\/p>\n\n\n\n<p class=\"wp-block-paragraph\">Con tal pol\u00edtica, el incremento de la Zona Libre de la Frontera Norte, que pasa de 260.34 pesos diarios a 312.41, que representan nueve mil 502 pesos mensuales o 480 d\u00f3lares, esta parte del pa\u00eds estar\u00eda en el lugar n\u00famero tres.<\/p>\n\n\n\n<p class=\"wp-block-paragraph\">Parte de este reposicionamiento, tambi\u00e9n deriva de que, a pesar de la pandemia y los efectos internacionales de la guerra, el peso se ha mantenido estable a diferencia de otros pa\u00edses en la regi\u00f3n, que han sufrido devaluaciones de su moneda.<\/p>\n\n\n\n<p class=\"wp-block-paragraph\">La posici\u00f3n internacional para 2023 queda de la siguiente manera: en primer lugar, Uruguay, con 615 d\u00f3lares mensuales; segundo lugar Costa Rica, con 554; en tercero Ecuador, con 425; en cuarto Chile, con 385; en quinto Guatemala, con 384; sexto Belice, con 322, y en s\u00e9ptimo M\u00e9xico, con 321.<\/p>\n\n\n\n<p class=\"wp-block-paragraph\">De acuerdo con la STPS y la Conasami, de esta manera, el pa\u00eds se reposiciona en el concierto internacional haciendo valer los derechos de los trabajadores y apostando por un ingreso cada vez m\u00e1s digno para mejorar sus condiciones de vida.<\/p>\n","protected":false},"excerpt":{"rendered":"<p>En el primer minuto de 2023, M\u00e9xico estar\u00e1 por encima del promedio de 301 d\u00f3lares mensuales de pago de salarios m\u00ednimos de los pa\u00edses de Am\u00e9rica Latina, derivado del incremento del 20% acordado por empresarios, trabajadores y gobierno, que lo lleva a sumar 321 d\u00f3lares al mes, seg\u00fan la Secretar\u00eda del Trabajo y Previsi\u00f3n Social [&hellip;]<\/p>\n","protected":false},"author":4,"featured_media":17904,"comment_status":"open","ping_status":"open","sticky":false,"template":"","format":"standard","meta":{"om_disable_all_campaigns":false,"_monsterinsights_skip_tracking":false,"footnotes":""},"categories":[176],"tags":[29,195],"class_list":["post-17903","post","type-post","status-publish","format-standard","has-post-thumbnail","hentry","category-nacional","tag-business","tag-principal"],"amp_enabled":true,"_links":{"self":[{"href":"https:\/\/lahora.mx\/index.php\/wp-json\/wp\/v2\/posts\/17903","targetHints":{"allow":["GET"]}}],"collection":[{"href":"https:\/\/lahora.mx\/index.php\/wp-json\/wp\/v2\/posts"}],"about":[{"href":"https:\/\/lahora.mx\/index.php\/wp-json\/wp\/v2\/types\/post"}],"author":[{"embeddable":true,"href":"https:\/\/lahora.mx\/index.php\/wp-json\/wp\/v2\/users\/4"}],"replies":[{"embeddable":true,"href":"https:\/\/lahora.mx\/index.php\/wp-json\/wp\/v2\/comments?post=17903"}],"version-history":[{"count":1,"href":"https:\/\/lahora.mx\/index.php\/wp-json\/wp\/v2\/posts\/17903\/revisions"}],"predecessor-version":[{"id":17905,"href":"https:\/\/lahora.mx\/index.php\/wp-json\/wp\/v2\/posts\/17903\/revisions\/17905"}],"wp:featuredmedia":[{"embeddable":true,"href":"https:\/\/lahora.mx\/index.php\/wp-json\/wp\/v2\/media\/17904"}],"wp:attachment":[{"href":"https:\/\/lahora.mx\/index.php\/wp-json\/wp\/v2\/media?parent=17903"}],"wp:term":[{"taxonomy":"category","embeddable":true,"href":"https:\/\/lahora.mx\/index.php\/wp-json\/wp\/v2\/categories?post=17903"},{"taxonomy":"post_tag","embeddable":true,"href":"https:\/\/lahora.mx\/index.php\/wp-json\/wp\/v2\/tags?post=17903"}],"curies":[{"name":"wp","href":"https:\/\/api.w.org\/{rel}","templated":true}]}}