{"id":17734,"date":"2022-12-08T18:37:07","date_gmt":"2022-12-08T18:37:07","guid":{"rendered":"http:\/\/lahora.mx\/?p=17734"},"modified":"2022-12-08T18:37:07","modified_gmt":"2022-12-08T18:37:07","slug":"tren-maya-estara-bajo-mando-del-ejercito-amlo","status":"publish","type":"post","link":"https:\/\/lahora.mx\/index.php\/2022\/12\/08\/tren-maya-estara-bajo-mando-del-ejercito-amlo\/","title":{"rendered":"Tren Maya estar\u00e1 bajo mando del Ej\u00e9rcito: AMLO"},"content":{"rendered":"\n<p>El presidente Andr\u00e9s Manuel L\u00f3pez Obrador justific\u00f3 que el Tren Maya estar\u00e1 bajo el mando de la Defensa Nacional (Sedena) porque, afirm\u00f3, si estuviera bajo el Fondo Nacional de Fomento al Turismo (Fonatur) \u201cno aguantar\u00eda la primera insinuaci\u00f3n, ni el primer ca\u00f1onazo\u201d para que sea privatizado.<\/p>\n\n\n\n<p>En conferencia de prensa matutina en Palacio Nacional, el jefe del Ejecutivo federal manifest\u00f3 que todo lo que es propiedad de la naci\u00f3n se tiene que cuidar.<\/p>\n\n\n\n<p>\u201c\u00bfQui\u00e9n nos puede garantizar que estos bienes de la naci\u00f3n se cuiden? Pues una instituci\u00f3n como la Secretar\u00eda de la Defensa no solo es porque ellos est\u00e1n ayudando en la construcci\u00f3n, no solo es porque est\u00e1n actuando con rectitud, con profesionalismo, con honestidad, es tambi\u00e9n dejarles todas estas obras a una instituci\u00f3n fuerte, porque Fonatur\u2026\u00bfsaben que hicieron con Fox? En Canc\u00fan vendieron terrenos a 5 minutos del aeropuerto actual de Canc\u00fan que por cierto esta concesionario, es privado, bueno, a 7 pesos el metro cuadrado, ni lo que cuesta un metro de alfombra, por cierto, manglares, y no apareci\u00f3 ning\u00fan seudoambientalista\u00bb.<\/p>\n\n\n\n<p>\u201cEntonces, \u00bfc\u00f3mo se lo vamos a dejar a Fonatur? No aguanta ni la primer insinuaci\u00f3n ni el primer ca\u00f1onazo. Entonces todo esto que es de la naci\u00f3n, de los mexicanos, lo tenemos que cuidar\u201d, dijo.<\/p>\n","protected":false},"excerpt":{"rendered":"<p>El presidente Andr\u00e9s Manuel L\u00f3pez Obrador justific\u00f3 que el Tren Maya estar\u00e1 bajo el mando de la Defensa Nacional (Sedena) porque, afirm\u00f3, si estuviera bajo el Fondo Nacional de Fomento al Turismo (Fonatur) \u201cno aguantar\u00eda la primera insinuaci\u00f3n, ni el primer ca\u00f1onazo\u201d para que sea privatizado. En conferencia de prensa matutina en Palacio Nacional, el [&hellip;]<\/p>\n","protected":false},"author":4,"featured_media":17735,"comment_status":"open","ping_status":"open","sticky":false,"template":"","format":"standard","meta":{"om_disable_all_campaigns":false,"_monsterinsights_skip_tracking":false,"_monsterinsights_sitenote_active":false,"_monsterinsights_sitenote_note":"","_monsterinsights_sitenote_category":0,"footnotes":""},"categories":[176],"tags":[],"class_list":["post-17734","post","type-post","status-publish","format-standard","has-post-thumbnail","hentry","category-nacional"],"amp_enabled":true,"_links":{"self":[{"href":"https:\/\/lahora.mx\/index.php\/wp-json\/wp\/v2\/posts\/17734","targetHints":{"allow":["GET"]}}],"collection":[{"href":"https:\/\/lahora.mx\/index.php\/wp-json\/wp\/v2\/posts"}],"about":[{"href":"https:\/\/lahora.mx\/index.php\/wp-json\/wp\/v2\/types\/post"}],"author":[{"embeddable":true,"href":"https:\/\/lahora.mx\/index.php\/wp-json\/wp\/v2\/users\/4"}],"replies":[{"embeddable":true,"href":"https:\/\/lahora.mx\/index.php\/wp-json\/wp\/v2\/comments?post=17734"}],"version-history":[{"count":1,"href":"https:\/\/lahora.mx\/index.php\/wp-json\/wp\/v2\/posts\/17734\/revisions"}],"predecessor-version":[{"id":17736,"href":"https:\/\/lahora.mx\/index.php\/wp-json\/wp\/v2\/posts\/17734\/revisions\/17736"}],"wp:featuredmedia":[{"embeddable":true,"href":"https:\/\/lahora.mx\/index.php\/wp-json\/wp\/v2\/media\/17735"}],"wp:attachment":[{"href":"https:\/\/lahora.mx\/index.php\/wp-json\/wp\/v2\/media?parent=17734"}],"wp:term":[{"taxonomy":"category","embeddable":true,"href":"https:\/\/lahora.mx\/index.php\/wp-json\/wp\/v2\/categories?post=17734"},{"taxonomy":"post_tag","embeddable":true,"href":"https:\/\/lahora.mx\/index.php\/wp-json\/wp\/v2\/tags?post=17734"}],"curies":[{"name":"wp","href":"https:\/\/api.w.org\/{rel}","templated":true}]}}