{"id":17719,"date":"2022-12-08T15:48:06","date_gmt":"2022-12-08T15:48:06","guid":{"rendered":"http:\/\/lahora.mx\/?p=17719"},"modified":"2022-12-08T15:48:07","modified_gmt":"2022-12-08T15:48:07","slug":"llega-la-inflacion-en-mexico-a-su-nivel-mas-bajo-en-6-meses","status":"publish","type":"post","link":"https:\/\/lahora.mx\/index.php\/2022\/12\/08\/llega-la-inflacion-en-mexico-a-su-nivel-mas-bajo-en-6-meses\/","title":{"rendered":"Llega la Inflaci\u00f3n en M\u00e9xico a su nivel m\u00e1s bajo en 6 meses"},"content":{"rendered":"\n<p>El \u00cdndice Nacional de Precios al Consumidor (INPC) se contuvo y registr\u00f3 una variaci\u00f3n anual de 7.80 por ciento en noviembre, su nivel m\u00e1s bajo en seis meses, de acuerdo con el informe del Instituto Nacional de Estad\u00edstica y Geograf\u00eda (Inegi) publicado este jueves.<\/p>\n\n\n\n<p>Entre los productos que presionaron a la inflaci\u00f3n fueron las tarifas el\u00e9ctricas, chile serrano, loncher\u00edas, fondas, torter\u00edas y taquer\u00edas, jitomate y transporte a\u00e9reo.<\/p>\n\n\n\n<p>El resultado se da luego de presentar una variaci\u00f3n de 8.70 por ciento en septiembre y 8.41 por ciento en octubre.<\/p>\n\n\n\n<p>Adem\u00e1s, el INPC present\u00f3 su menor variaci\u00f3n desde mayo pasado, cuando el \u00edndice se ubic\u00f3 en 7.65 por ciento.<\/p>\n\n\n\n<p>Vuelos de carga llegan al AIFA: Gobierno otorga primera concesi\u00f3n a TM Aerol\u00edneas<br>El AIFA tendr\u00e1 su primera aerol\u00ednea con vuelos de carga, ser\u00e1 TM, conocida tambi\u00e9n como &#8216;Awesome Cargo&#8217;.<br>As\u00ed, la inflaci\u00f3n se ha ubicado 21 meses consecutivos por encima del rango objetivo fijado por el Banco de M\u00e9xico (3 por ciento, +\/- un punto porcentual).<\/p>\n\n\n\n<p>El resultado del INPC estuvo ligeramente por debajo de las expectativas del mercado, el cual estimaba 7.9 por ciento a tasa anual, de acuerdo con Citibanamex.<\/p>\n\n\n\n<p>El \u00edndice de precios subyacente, que es aquel que excluye de su contabilidad los productos de alta volatilidad de precios, aceler\u00f3 y se ubic\u00f3 en 8.51 por ciento a tasa anual, su variaci\u00f3n m\u00e1s alta desde agosto del 2000, cuando subi\u00f3 a 8.8 por ciento.<\/p>\n\n\n\n<p>En su interior, los precios de los servicios se ubicaron en 5.35 por ciento, mientras que el alza en los precios de las mercanc\u00edas fue de 11.28 por ciento.<\/p>\n\n\n\n<p>Por su parte, la balanza no subyacente, que contabiliza los productos que presentan una alta volatilidad en sus precios, como los productos agr\u00edcolas o los combustibles, retrocedi\u00f3 y se ubic\u00f3 en 5.73 por ciento a tasa anual, su variaci\u00f3n m\u00e1s baja desde febrero del a\u00f1o pasado.<\/p>\n\n\n\n<p>De manera desagregada, los precios de los productos agropecuarios presentaron una variaci\u00f3n de 8.89 por ciento, mientras que la de los de los energ\u00e9ticos y tarifas autorizadas por el Gobierno se ubic\u00f3 en 3.23 por ciento, esto respecto al mismo periodo del a\u00f1o pasado.<\/p>\n\n\n\n<p>El \u00cdndice de Precios de la Canasta de Consumo M\u00ednimo (IPCCM) tuvo una variaci\u00f3n mensual de 0.67 por ciento y anual, de 8.45 por ciento.<\/p>\n\n\n\n<p>En su comparaci\u00f3n respecto al mes anterior, el INPC se ubic\u00f3 en 0.58 por ciento, una ligera alza respecto a 0.57 por ciento respecto al mes anterior.<\/p>\n\n\n\n<p>\u00bfCu\u00e1les fueron los productos con mayores precios e incidencia?<br>Entre los productos gen\u00e9ricos cuyas variaciones de precios destacaron por su incidencia sobre la inflaci\u00f3n general fueron las tarifas electricidad (20.29 por ciento); chile serrano (65.82 por ciento); loncher\u00edas, fondas, torter\u00edas y taquer\u00edas (0.83 por ciento); jitomate (5.58 por ciento) y transporte a\u00e9reo (10.42 por ciento).<\/p>\n\n\n\n<p>Por el contrario, el producto que present\u00f3 una disminuci\u00f3n en su precio fue principalmente la cebolla (23.59 por ciento); gas dom\u00e9stico LP (2.29 por ciento); papa y otros tub\u00e9rculos (8.38 por ciento); pollo (1.56 por ciento) y tomate verde (15.36 por ciento).<\/p>\n","protected":false},"excerpt":{"rendered":"<p>El \u00cdndice Nacional de Precios al Consumidor (INPC) se contuvo y registr\u00f3 una variaci\u00f3n anual de 7.80 por ciento en noviembre, su nivel m\u00e1s bajo en seis meses, de acuerdo con el informe del Instituto Nacional de Estad\u00edstica y Geograf\u00eda (Inegi) publicado este jueves. Entre los productos que presionaron a la inflaci\u00f3n fueron las tarifas [&hellip;]<\/p>\n","protected":false},"author":4,"featured_media":17720,"comment_status":"open","ping_status":"open","sticky":false,"template":"","format":"standard","meta":{"om_disable_all_campaigns":false,"_monsterinsights_skip_tracking":false,"_monsterinsights_sitenote_active":false,"_monsterinsights_sitenote_note":"","_monsterinsights_sitenote_category":0,"footnotes":""},"categories":[176],"tags":[195],"class_list":["post-17719","post","type-post","status-publish","format-standard","has-post-thumbnail","hentry","category-nacional","tag-principal"],"amp_enabled":true,"_links":{"self":[{"href":"https:\/\/lahora.mx\/index.php\/wp-json\/wp\/v2\/posts\/17719","targetHints":{"allow":["GET"]}}],"collection":[{"href":"https:\/\/lahora.mx\/index.php\/wp-json\/wp\/v2\/posts"}],"about":[{"href":"https:\/\/lahora.mx\/index.php\/wp-json\/wp\/v2\/types\/post"}],"author":[{"embeddable":true,"href":"https:\/\/lahora.mx\/index.php\/wp-json\/wp\/v2\/users\/4"}],"replies":[{"embeddable":true,"href":"https:\/\/lahora.mx\/index.php\/wp-json\/wp\/v2\/comments?post=17719"}],"version-history":[{"count":1,"href":"https:\/\/lahora.mx\/index.php\/wp-json\/wp\/v2\/posts\/17719\/revisions"}],"predecessor-version":[{"id":17721,"href":"https:\/\/lahora.mx\/index.php\/wp-json\/wp\/v2\/posts\/17719\/revisions\/17721"}],"wp:featuredmedia":[{"embeddable":true,"href":"https:\/\/lahora.mx\/index.php\/wp-json\/wp\/v2\/media\/17720"}],"wp:attachment":[{"href":"https:\/\/lahora.mx\/index.php\/wp-json\/wp\/v2\/media?parent=17719"}],"wp:term":[{"taxonomy":"category","embeddable":true,"href":"https:\/\/lahora.mx\/index.php\/wp-json\/wp\/v2\/categories?post=17719"},{"taxonomy":"post_tag","embeddable":true,"href":"https:\/\/lahora.mx\/index.php\/wp-json\/wp\/v2\/tags?post=17719"}],"curies":[{"name":"wp","href":"https:\/\/api.w.org\/{rel}","templated":true}]}}