{"id":17659,"date":"2022-12-07T19:22:24","date_gmt":"2022-12-07T19:22:24","guid":{"rendered":"http:\/\/lahora.mx\/?p=17659"},"modified":"2022-12-07T19:22:24","modified_gmt":"2022-12-07T19:22:24","slug":"7-muertos-tras-enfrentamiento-entre-hombres-armados-y-militares","status":"publish","type":"post","link":"https:\/\/lahora.mx\/index.php\/2022\/12\/07\/7-muertos-tras-enfrentamiento-entre-hombres-armados-y-militares\/","title":{"rendered":"7 muertos tras enfrentamiento entre hombres armados y militares"},"content":{"rendered":"\n<p>La ma\u00f1ana de este mi\u00e9rcoles enfrentamientos entre hombres armados y militares dej\u00f3 un saldo preliminar de 7 personas muertas y 4 autos asegurados.<\/p>\n\n\n\n<p>La Secretar\u00eda de Seguridad P\u00fablica de Tamaulipas inform\u00f3 que los hechos se registraron sobre la Carretera Monterrey &#8211; Nuevo Laredo, inmediaciones del Puente \u201cCorona\u201d, cerca del negocio Gas del Norte.<\/p>\n\n\n\n<p>Sin embargo se exhorta a tomar precauciones y mantenerse atentos para evitar incidentes as\u00ed como evitar salidas no indispensables.<\/p>\n\n\n\n<p>Mujer finge parto y avi\u00f3n aterriza de emergencia en Barcelona, escapan 14 migrantes<br>Mujer finge parto y avi\u00f3n aterriza de emergencia en Barcelona; escapan 14 migrantes<\/p>\n\n\n\n<p>Carmen Lilia Canturosas, alcaldesa de Nuevo Laredo tambi\u00e9n inform\u00f3 en redes sociales que la situaci\u00f3n fue controlada y exhort\u00f3 a la poblaci\u00f3n a tomar precauciones.<\/p>\n\n\n\n<p>En medios locales y redes sociales circula que las clases fueron suspendidas; sin embargo, hasta el momento no ha sido confirmado por alguna autoridad.<\/p>\n\n\n\n<p>\u00bfQui\u00e9n es \u00abEl Negrolo\u00bb, l\u00edder criminal detenido en Nuevo Laredo?<br>L\u00edder criminal detenido en Nuevo Laredo, implicado en secuestro de militares y un edil de Coahuila<br>La semana pasada, la detenci\u00f3n de Heriberto \u201cN\u201d, \u00abEl Negrolo\u00bb, presunto jefe de plaza de un grupo delictivo generador de violencia en la entidad, provoc\u00f3 una balacera.<\/p>\n\n\n\n<p>Lo anterior oblig\u00f3 a la suspensi\u00f3n de clases, paro en el transporte p\u00fablico y el cierre de las oficinas del Consulado de Estados Unidos en Nuevo Laredo, Tamaulipas.<\/p>\n","protected":false},"excerpt":{"rendered":"<p>La ma\u00f1ana de este mi\u00e9rcoles enfrentamientos entre hombres armados y militares dej\u00f3 un saldo preliminar de 7 personas muertas y 4 autos asegurados. La Secretar\u00eda de Seguridad P\u00fablica de Tamaulipas inform\u00f3 que los hechos se registraron sobre la Carretera Monterrey &#8211; Nuevo Laredo, inmediaciones del Puente \u201cCorona\u201d, cerca del negocio Gas del Norte. Sin embargo [&hellip;]<\/p>\n","protected":false},"author":4,"featured_media":17660,"comment_status":"open","ping_status":"open","sticky":false,"template":"","format":"standard","meta":{"om_disable_all_campaigns":false,"_monsterinsights_skip_tracking":false,"_monsterinsights_sitenote_active":false,"_monsterinsights_sitenote_note":"","_monsterinsights_sitenote_category":0,"footnotes":""},"categories":[176],"tags":[],"class_list":["post-17659","post","type-post","status-publish","format-standard","has-post-thumbnail","hentry","category-nacional"],"amp_enabled":true,"_links":{"self":[{"href":"https:\/\/lahora.mx\/index.php\/wp-json\/wp\/v2\/posts\/17659","targetHints":{"allow":["GET"]}}],"collection":[{"href":"https:\/\/lahora.mx\/index.php\/wp-json\/wp\/v2\/posts"}],"about":[{"href":"https:\/\/lahora.mx\/index.php\/wp-json\/wp\/v2\/types\/post"}],"author":[{"embeddable":true,"href":"https:\/\/lahora.mx\/index.php\/wp-json\/wp\/v2\/users\/4"}],"replies":[{"embeddable":true,"href":"https:\/\/lahora.mx\/index.php\/wp-json\/wp\/v2\/comments?post=17659"}],"version-history":[{"count":1,"href":"https:\/\/lahora.mx\/index.php\/wp-json\/wp\/v2\/posts\/17659\/revisions"}],"predecessor-version":[{"id":17661,"href":"https:\/\/lahora.mx\/index.php\/wp-json\/wp\/v2\/posts\/17659\/revisions\/17661"}],"wp:featuredmedia":[{"embeddable":true,"href":"https:\/\/lahora.mx\/index.php\/wp-json\/wp\/v2\/media\/17660"}],"wp:attachment":[{"href":"https:\/\/lahora.mx\/index.php\/wp-json\/wp\/v2\/media?parent=17659"}],"wp:term":[{"taxonomy":"category","embeddable":true,"href":"https:\/\/lahora.mx\/index.php\/wp-json\/wp\/v2\/categories?post=17659"},{"taxonomy":"post_tag","embeddable":true,"href":"https:\/\/lahora.mx\/index.php\/wp-json\/wp\/v2\/tags?post=17659"}],"curies":[{"name":"wp","href":"https:\/\/api.w.org\/{rel}","templated":true}]}}