{"id":17656,"date":"2022-12-07T19:07:09","date_gmt":"2022-12-07T19:07:09","guid":{"rendered":"http:\/\/lahora.mx\/?p=17656"},"modified":"2022-12-07T19:07:09","modified_gmt":"2022-12-07T19:07:09","slug":"si-quieren-meterme-a-la-carcel-ya-saben-donde-voy-a-estar-menciona-lopez-obrador","status":"publish","type":"post","link":"https:\/\/lahora.mx\/index.php\/2022\/12\/07\/si-quieren-meterme-a-la-carcel-ya-saben-donde-voy-a-estar-menciona-lopez-obrador\/","title":{"rendered":"Si quieren meterme a la c\u00e1rcel ya saben d\u00f3nde voy a estar menciona L\u00f3pez Obrador"},"content":{"rendered":"\n<p>\u201cSi quieren meterme a la c\u00e1rcel cuando termine, ya saben d\u00f3nde voy a estar\u201d, expres\u00f3 el presidente Andr\u00e9s Manuel L\u00f3pez Obrador al ser cuestionado acerca de si esperar\u00eda un ataque judicial y pol\u00edtico al finalizar su mandato, tal como le ha sucedido a Cristina Fern\u00e1ndez de Kirchner, en Argentina.<\/p>\n\n\n\n<p>En Palacio Nacional al mandatario se le cuestion\u00f3 acerca de c\u00f3mo ha habido opositores que, tras la condena de seis a\u00f1os de prisi\u00f3n a la vicepresidenta argentina por actos de corrupci\u00f3n, se han manifestado para que en M\u00e9xico suceda algo parecido.<\/p>\n\n\n\n<p>Por lo anterior, L\u00f3pez Obrador lanz\u00f3 un mensaje a sus detractores, pues asegur\u00f3 que no ser\u00e1 la primera vez que intenten sentenciarlo ni que enfrente a sus adversarios.<\/p>\n\n\n\n<p>\u201cEstoy acostumbrado a enfrentar a mis adversarios. Si quieren meterme a la c\u00e1rcel cuando termine, ya saben d\u00f3nde voy a estar.<\/p>\n\n\n\n<p>\u201cSe sufre cuando se va a la c\u00e1rcel por un problema de consciencia, cuando uno hizo mal, \u00e9sa es la peor c\u00e1rcel, pero cuando uno tiene su consciencia tranquila, dir\u00eda yo que la c\u00e1rcel a veces hasta protege\u201d, sostuvo.<\/p>\n\n\n\n<p>L\u00f3pez Obrador record\u00f3 que hubo l\u00edderes del movimiento estudiantil de 1968 que fueron encarcelados y lograron salir con vida, contrario a quienes no estuvieron en prisi\u00f3n.<\/p>\n\n\n\n<p>Record\u00f3 adem\u00e1s el intento de desafuero entre 2004 y 2005 impulsado por el entonces presidente Vicente Fox por cometer el supuesto delito de \u201cdesacato judicial\u201d, luego de que, supuestamente, no acat\u00f3 la orden de un juez federal de amparo en torno a las obras del predio \u201cEl Encino\u201d.<\/p>\n\n\n\n<p>Este proceso de desafuero \u2014en el que la C\u00e1mara de Diputados aprob\u00f3 quitar el desafuero al entonces al jefe del Distrito Federal con 360 votos a favor\u2014 se dio en el marco de las elecciones de 2006, mismas en las que s\u00ed pudo participar L\u00f3pez Obrador.<\/p>\n\n\n\n<p>Que se preparen (los opositores), ah\u00ed voy a estar, no me voy a ir. Para lo que voy a hacer cuando me jubile que ser\u00e1 leer y escribir, tambi\u00e9n en la c\u00e1rcel se puede leer y escribir\u201d, sentenci\u00f3 esta ma\u00f1ana el presidente.<\/p>\n\n\n\n<p>Y es que en diversas ocasiones L\u00f3pez Obrador ha aclarado que una vez termine su mandato en 2024, se jubilar\u00e1 de la vida pol\u00edtica-social para dedicarse a escribir un nuevo libro.<\/p>\n\n\n\n<p>Adem\u00e1s, vivir\u00e1 en su rancho \u201cLa chingada\u201d, en Palenque, Chiapas, lugar que visita en sus tiempos libres.<\/p>\n","protected":false},"excerpt":{"rendered":"<p>\u201cSi quieren meterme a la c\u00e1rcel cuando termine, ya saben d\u00f3nde voy a estar\u201d, expres\u00f3 el presidente Andr\u00e9s Manuel L\u00f3pez Obrador al ser cuestionado acerca de si esperar\u00eda un ataque judicial y pol\u00edtico al finalizar su mandato, tal como le ha sucedido a Cristina Fern\u00e1ndez de Kirchner, en Argentina. En Palacio Nacional al mandatario se [&hellip;]<\/p>\n","protected":false},"author":4,"featured_media":17657,"comment_status":"open","ping_status":"open","sticky":false,"template":"","format":"standard","meta":{"om_disable_all_campaigns":false,"_monsterinsights_skip_tracking":false,"_monsterinsights_sitenote_active":false,"_monsterinsights_sitenote_note":"","_monsterinsights_sitenote_category":0,"footnotes":""},"categories":[176],"tags":[],"class_list":["post-17656","post","type-post","status-publish","format-standard","has-post-thumbnail","hentry","category-nacional"],"amp_enabled":true,"_links":{"self":[{"href":"https:\/\/lahora.mx\/index.php\/wp-json\/wp\/v2\/posts\/17656","targetHints":{"allow":["GET"]}}],"collection":[{"href":"https:\/\/lahora.mx\/index.php\/wp-json\/wp\/v2\/posts"}],"about":[{"href":"https:\/\/lahora.mx\/index.php\/wp-json\/wp\/v2\/types\/post"}],"author":[{"embeddable":true,"href":"https:\/\/lahora.mx\/index.php\/wp-json\/wp\/v2\/users\/4"}],"replies":[{"embeddable":true,"href":"https:\/\/lahora.mx\/index.php\/wp-json\/wp\/v2\/comments?post=17656"}],"version-history":[{"count":1,"href":"https:\/\/lahora.mx\/index.php\/wp-json\/wp\/v2\/posts\/17656\/revisions"}],"predecessor-version":[{"id":17658,"href":"https:\/\/lahora.mx\/index.php\/wp-json\/wp\/v2\/posts\/17656\/revisions\/17658"}],"wp:featuredmedia":[{"embeddable":true,"href":"https:\/\/lahora.mx\/index.php\/wp-json\/wp\/v2\/media\/17657"}],"wp:attachment":[{"href":"https:\/\/lahora.mx\/index.php\/wp-json\/wp\/v2\/media?parent=17656"}],"wp:term":[{"taxonomy":"category","embeddable":true,"href":"https:\/\/lahora.mx\/index.php\/wp-json\/wp\/v2\/categories?post=17656"},{"taxonomy":"post_tag","embeddable":true,"href":"https:\/\/lahora.mx\/index.php\/wp-json\/wp\/v2\/tags?post=17656"}],"curies":[{"name":"wp","href":"https:\/\/api.w.org\/{rel}","templated":true}]}}