{"id":17653,"date":"2022-12-07T19:03:54","date_gmt":"2022-12-07T19:03:54","guid":{"rendered":"http:\/\/lahora.mx\/?p=17653"},"modified":"2022-12-07T19:03:55","modified_gmt":"2022-12-07T19:03:55","slug":"no-habra-fast-track-dice-monreal-tras-no-aprobarse","status":"publish","type":"post","link":"https:\/\/lahora.mx\/index.php\/2022\/12\/07\/no-habra-fast-track-dice-monreal-tras-no-aprobarse\/","title":{"rendered":"No habr\u00e1 \u00abfast track\u00bb, dice Monreal tras no aprobarse"},"content":{"rendered":"\n<p>Luego de que ayer Morena y sus aliados aprobaron la reforma electoral propuesta por el Presidente, Andr\u00e9s Manuel L\u00f3pez Obrador, ahora el Senado se prepara para la discusi\u00f3n del llamado \u00abplan B\u00bb.<\/p>\n\n\n\n<p>El coordinador de los senadores de Morena, Ricardo Monreal, asegur\u00f3 que la discusi\u00f3n del llamado \u00abplan B\u00bb de AMLO se realizar\u00e1 \u00absin precipitaciones\u00bb, por lo que descart\u00f3 \u00abfast track\u00bb en la aprobaci\u00f3n de la reforma electoral de AMLO.<br><\/p>\n\n\n\n<p>\u00abVamos a darle el ritmo correcto y sin precipitaciones para discutir el plan B de la reforma electoral en el Senado\u00bb, asegur\u00f3 en entrevista con Ciro G\u00f3mez Leyva en<br>Radio F\u00f3rmula<\/p>\n\n\n\n<p>Reforma electoral y leyes secundarias<br>El Senado ser\u00e1 quien realice modificaciones en las leyes secundarias, por lo que Monreal dijo que la discusi\u00f3n ser\u00e1 con buen juicio. \u00abEn la discusi\u00f3n de las leyes secundarias de la reforma electoral el senado actuar\u00e1 con serenidad y buen juicio. Cuidando el procedimiento legal. Es muy fuerte la reforma\u00bb, se\u00f1al\u00f3.<br><\/p>\n\n\n\n<p>El morenista agreg\u00f3 que \u00abnosotros no vamos a obviar tr\u00e1mites, haremos un an\u00e1lisis exhaustivo de la minuta. No es tan f\u00e1cil, son cerca de 450 art\u00edculos los que est\u00e1n tratando de modificarse y vale la pena estudiarlos y hacer un an\u00e1lisis racional y profundo\u00bb.<\/p>\n\n\n\n<p>\u00abNo quiero adelantar juicios, ni plazos\u00bb, dijo al ser cuestionado sobre si en el Senado se aprobar\u00eda antes del 15 de diciembre o hasta el periodo ordinario que inicia en febrero.<\/p>\n\n\n\n<p>Record\u00f3 que se trata de una reforma profunda con cerca de 450 art\u00edculos a modificar no es tan f\u00e1cil, es una reforma profunda.<\/p>\n\n\n\n<p>Cuestionado sobre el papel del secretario de Gobernaci\u00f3n, Ad\u00e1n Augusto L\u00f3pez al cabildear la reforma electoral, dijo que siempre existen presiones, pero como interlocutor con el Congreso nunca ha impuesto nada y hay absoluto respeto.<\/p>\n\n\n\n<p>Adelant\u00f3 de hablar\u00e1 hoy mismo con los presidentes de las comisiones d\u00f3nde se turnar\u00e1 la minuta, as\u00ed como con los coordinadores parlamentarios y con la bancada de Morena.<\/p>\n\n\n\n<p>Insisti\u00f3 en a nadie le hace da\u00f1o un an\u00e1lisis racional y profundo.<\/p>\n","protected":false},"excerpt":{"rendered":"<p>Luego de que ayer Morena y sus aliados aprobaron la reforma electoral propuesta por el Presidente, Andr\u00e9s Manuel L\u00f3pez Obrador, ahora el Senado se prepara para la discusi\u00f3n del llamado \u00abplan B\u00bb. El coordinador de los senadores de Morena, Ricardo Monreal, asegur\u00f3 que la discusi\u00f3n del llamado \u00abplan B\u00bb de AMLO se realizar\u00e1 \u00absin precipitaciones\u00bb, [&hellip;]<\/p>\n","protected":false},"author":4,"featured_media":17654,"comment_status":"open","ping_status":"open","sticky":false,"template":"","format":"standard","meta":{"om_disable_all_campaigns":false,"_monsterinsights_skip_tracking":false,"_monsterinsights_sitenote_active":false,"_monsterinsights_sitenote_note":"","_monsterinsights_sitenote_category":0,"footnotes":""},"categories":[176],"tags":[128],"class_list":["post-17653","post","type-post","status-publish","format-standard","has-post-thumbnail","hentry","category-nacional","tag-politics"],"amp_enabled":true,"_links":{"self":[{"href":"https:\/\/lahora.mx\/index.php\/wp-json\/wp\/v2\/posts\/17653","targetHints":{"allow":["GET"]}}],"collection":[{"href":"https:\/\/lahora.mx\/index.php\/wp-json\/wp\/v2\/posts"}],"about":[{"href":"https:\/\/lahora.mx\/index.php\/wp-json\/wp\/v2\/types\/post"}],"author":[{"embeddable":true,"href":"https:\/\/lahora.mx\/index.php\/wp-json\/wp\/v2\/users\/4"}],"replies":[{"embeddable":true,"href":"https:\/\/lahora.mx\/index.php\/wp-json\/wp\/v2\/comments?post=17653"}],"version-history":[{"count":1,"href":"https:\/\/lahora.mx\/index.php\/wp-json\/wp\/v2\/posts\/17653\/revisions"}],"predecessor-version":[{"id":17655,"href":"https:\/\/lahora.mx\/index.php\/wp-json\/wp\/v2\/posts\/17653\/revisions\/17655"}],"wp:featuredmedia":[{"embeddable":true,"href":"https:\/\/lahora.mx\/index.php\/wp-json\/wp\/v2\/media\/17654"}],"wp:attachment":[{"href":"https:\/\/lahora.mx\/index.php\/wp-json\/wp\/v2\/media?parent=17653"}],"wp:term":[{"taxonomy":"category","embeddable":true,"href":"https:\/\/lahora.mx\/index.php\/wp-json\/wp\/v2\/categories?post=17653"},{"taxonomy":"post_tag","embeddable":true,"href":"https:\/\/lahora.mx\/index.php\/wp-json\/wp\/v2\/tags?post=17653"}],"curies":[{"name":"wp","href":"https:\/\/api.w.org\/{rel}","templated":true}]}}