{"id":17581,"date":"2022-12-07T01:00:07","date_gmt":"2022-12-07T01:00:07","guid":{"rendered":"http:\/\/lahora.mx\/?p=17581"},"modified":"2022-12-07T01:00:08","modified_gmt":"2022-12-07T01:00:08","slug":"aprueban-vacaciones-en-comisiones-de-diputados","status":"publish","type":"post","link":"https:\/\/lahora.mx\/index.php\/2022\/12\/07\/aprueban-vacaciones-en-comisiones-de-diputados\/","title":{"rendered":"Aprueban vacaciones en Comisiones de Diputados"},"content":{"rendered":"\n<p>Los integrantes de la Comisi\u00f3n de Trabajo y Previsi\u00f3n Social en la C\u00e1mara de Diputados aprobaron, por mayor\u00eda, la minuta sobre \u201cvacaciones dignas\u201d, a la cual se le hicieron modificaciones para establecer que durante el primer a\u00f1o laboral se otorgar\u00e1n 12 d\u00edas, pero seis se tomar\u00e1n de forma continua y el resto deber\u00e1 ser pactado entre el trabajador y el patr\u00f3n.<\/p>\n\n\n\n<p>El proyecto, que deber\u00e1 avalarse en el pleno de San L\u00e1zaro, y de ser aprobado deber\u00e1 volver a la C\u00e1mara de Senadores, pas\u00f3 con 17 votos a favor, 4 en contra, y 2 abstenciones.<\/p>\n\n\n\n<p>La diputada de Morena, Susana Prieto, fue la principal opositora al asegurar que no se est\u00e1 garantizando el derecho a 12 d\u00edas de vacaciones continuas.<\/p>\n\n\n\n<p>\u201cEstoy en contra de modificar la minuta que lleg\u00f3 del Senado, la propuesta original es dar 12 d\u00edas de vacaciones de forma continua, y esta modificaci\u00f3n no beneficia a los trabajadores, no debe cambiarse la esencia porque si se permite \u2018negociar\u2019 con el patr\u00f3n, sabemos que los trabajadores no tienen ni vela en el entierro, jam\u00e1s los dejan tomar una decisi\u00f3n de cu\u00e1ndo ser\u00e1 cuando van a tomar sus vacaciones, adem\u00e1s legitima el hecho de que le patr\u00f3n los obligue a tomar vacaciones en otro tiempo o de manera discontinua\u201d, refiri\u00f3 la legisladora.<\/p>\n\n\n\n<p>Araceli Ocampo, tambi\u00e9n de Morena, advirti\u00f3 que el proyecto dar\u00e1 pie para que los patrones intimiden a sus empleados.<\/p>\n\n\n\n<p>\u201cDeben de ser continuos, 12 d\u00edas de vacaciones continuos, porque sino dejamos en estado de vulnerabilidad a las y los trabajadores, quienes pueden recibir intimidaci\u00f3n, amenaza, represi\u00f3n; los que exijan sus 12 d\u00edas se van a volver visibles, y posteriormente, cuando venga un recorte, seguramente ser\u00e1n los primeros en ser despedidos por estar ejerciendo su derecho\u201d, puntualiz\u00f3.<\/p>\n\n\n\n<p>Margarita Garc\u00eda, del PT, dijo que la propuesta no quita los 12 d\u00edas de vacaciones para los trabajadores, y al contrario, los faculta para elegir si los toman de forma continua o fraccionada.<\/p>\n\n\n\n<p>\u201cCreemos que la modificaci\u00f3n es correcta, ya que hoy va a ser un d\u00eda hist\u00f3rico donde le demos a los trabajadores la oportunidad de decidir si quieren sus 12 d\u00edas de manera continua o si los quieren dividir. Tenemos que pensar en los trabajadores, pero tambi\u00e9n en los empresarios, porque estamos en un M\u00e9xico incluyente; los empresarios ya tienen claro que los derechos de los trabajadores ya no se pisotean, y esas viejas pr\u00e1cticas de intimidaci\u00f3n ya no tienen cabida\u201d, indic\u00f3.<\/p>\n\n\n\n<p>Sergio Barrera, de Movimiento Ciudadano, coincidi\u00f3 en que las mexicanas y mexicanos necesitan tener 12 d\u00edas de vacaciones continuas, pero aclar\u00f3 que hay voces que pidieron que se fraccionen, por lo que consider\u00f3 que es mejor que pase as\u00ed, a que no pase.<\/p>\n\n\n\n<p>\u201cEsta minuta no se deber\u00eda de tocar, pero aqu\u00ed tambi\u00e9n se han escuchado muchas voces de quienes piden tener una flexibilidad. El hecho de que se modifique, no quiere decir que se van a quitar los d\u00edas o que el patr\u00f3n va a decidir en esa parte, ser\u00e1 el trabajador quien decida si quiere fraccionarlo, nosotros preferir\u00edamos que no haya cambios, pero si los hay debe quedar muy claro que el trabajador siempre tiene que ser quien decida\u201d, se\u00f1al\u00f3.<\/p>\n","protected":false},"excerpt":{"rendered":"<p>Los integrantes de la Comisi\u00f3n de Trabajo y Previsi\u00f3n Social en la C\u00e1mara de Diputados aprobaron, por mayor\u00eda, la minuta sobre \u201cvacaciones dignas\u201d, a la cual se le hicieron modificaciones para establecer que durante el primer a\u00f1o laboral se otorgar\u00e1n 12 d\u00edas, pero seis se tomar\u00e1n de forma continua y el resto deber\u00e1 ser pactado [&hellip;]<\/p>\n","protected":false},"author":4,"featured_media":17582,"comment_status":"open","ping_status":"open","sticky":false,"template":"","format":"standard","meta":{"om_disable_all_campaigns":false,"_monsterinsights_skip_tracking":false,"_monsterinsights_sitenote_active":false,"_monsterinsights_sitenote_note":"","_monsterinsights_sitenote_category":0,"footnotes":""},"categories":[176],"tags":[],"class_list":["post-17581","post","type-post","status-publish","format-standard","has-post-thumbnail","hentry","category-nacional"],"amp_enabled":true,"_links":{"self":[{"href":"https:\/\/lahora.mx\/index.php\/wp-json\/wp\/v2\/posts\/17581","targetHints":{"allow":["GET"]}}],"collection":[{"href":"https:\/\/lahora.mx\/index.php\/wp-json\/wp\/v2\/posts"}],"about":[{"href":"https:\/\/lahora.mx\/index.php\/wp-json\/wp\/v2\/types\/post"}],"author":[{"embeddable":true,"href":"https:\/\/lahora.mx\/index.php\/wp-json\/wp\/v2\/users\/4"}],"replies":[{"embeddable":true,"href":"https:\/\/lahora.mx\/index.php\/wp-json\/wp\/v2\/comments?post=17581"}],"version-history":[{"count":1,"href":"https:\/\/lahora.mx\/index.php\/wp-json\/wp\/v2\/posts\/17581\/revisions"}],"predecessor-version":[{"id":17583,"href":"https:\/\/lahora.mx\/index.php\/wp-json\/wp\/v2\/posts\/17581\/revisions\/17583"}],"wp:featuredmedia":[{"embeddable":true,"href":"https:\/\/lahora.mx\/index.php\/wp-json\/wp\/v2\/media\/17582"}],"wp:attachment":[{"href":"https:\/\/lahora.mx\/index.php\/wp-json\/wp\/v2\/media?parent=17581"}],"wp:term":[{"taxonomy":"category","embeddable":true,"href":"https:\/\/lahora.mx\/index.php\/wp-json\/wp\/v2\/categories?post=17581"},{"taxonomy":"post_tag","embeddable":true,"href":"https:\/\/lahora.mx\/index.php\/wp-json\/wp\/v2\/tags?post=17581"}],"curies":[{"name":"wp","href":"https:\/\/api.w.org\/{rel}","templated":true}]}}