{"id":1757,"date":"2022-01-17T15:45:06","date_gmt":"2022-01-17T15:45:06","guid":{"rendered":"http:\/\/lahora.mx\/?p=1757"},"modified":"2022-01-17T16:04:05","modified_gmt":"2022-01-17T16:04:05","slug":"el-gobernador-del-estado-barbosa-da-positivo-al-covid-19","status":"publish","type":"post","link":"https:\/\/lahora.mx\/index.php\/2022\/01\/17\/el-gobernador-del-estado-barbosa-da-positivo-al-covid-19\/","title":{"rendered":"El gobernador del estado Barbosa da positivo al covid-19"},"content":{"rendered":"<p>El gobernador del estado, Miguel Barbosa Huerta, se\u00f1al\u00f3 que dio positivo a Covid-19 tras realizarse una prueba ya que el d\u00eda viernes de la semana se le escuch\u00f3 ronco durante la conferencia matutina.<br \/>\nMenciono que se mantendr\u00e1 en aislamiento para atender los temas gubernamentales puesto que su estado de salud es estable y ya tiene atenci\u00f3n m\u00e9dica.<\/p>\n","protected":false},"excerpt":{"rendered":"<p>El gobernador del estado, Miguel Barbosa Huerta, se\u00f1al\u00f3 que dio positivo a Covid-19 tras realizarse una prueba ya que el d\u00eda viernes de la semana se le escuch\u00f3 ronco durante la conferencia matutina. Menciono que se mantendr\u00e1 en aislamiento para atender los temas gubernamentales puesto que su estado de salud es estable y ya tiene [&hellip;]<\/p>\n","protected":false},"author":4,"featured_media":1758,"comment_status":"open","ping_status":"open","sticky":false,"template":"","format":"standard","meta":{"om_disable_all_campaigns":false,"_monsterinsights_skip_tracking":false,"_monsterinsights_sitenote_active":false,"_monsterinsights_sitenote_note":"","_monsterinsights_sitenote_category":0,"footnotes":""},"categories":[175],"tags":[195],"class_list":["post-1757","post","type-post","status-publish","format-standard","has-post-thumbnail","hentry","category-local","tag-principal"],"amp_enabled":true,"_links":{"self":[{"href":"https:\/\/lahora.mx\/index.php\/wp-json\/wp\/v2\/posts\/1757","targetHints":{"allow":["GET"]}}],"collection":[{"href":"https:\/\/lahora.mx\/index.php\/wp-json\/wp\/v2\/posts"}],"about":[{"href":"https:\/\/lahora.mx\/index.php\/wp-json\/wp\/v2\/types\/post"}],"author":[{"embeddable":true,"href":"https:\/\/lahora.mx\/index.php\/wp-json\/wp\/v2\/users\/4"}],"replies":[{"embeddable":true,"href":"https:\/\/lahora.mx\/index.php\/wp-json\/wp\/v2\/comments?post=1757"}],"version-history":[{"count":3,"href":"https:\/\/lahora.mx\/index.php\/wp-json\/wp\/v2\/posts\/1757\/revisions"}],"predecessor-version":[{"id":1764,"href":"https:\/\/lahora.mx\/index.php\/wp-json\/wp\/v2\/posts\/1757\/revisions\/1764"}],"wp:featuredmedia":[{"embeddable":true,"href":"https:\/\/lahora.mx\/index.php\/wp-json\/wp\/v2\/media\/1758"}],"wp:attachment":[{"href":"https:\/\/lahora.mx\/index.php\/wp-json\/wp\/v2\/media?parent=1757"}],"wp:term":[{"taxonomy":"category","embeddable":true,"href":"https:\/\/lahora.mx\/index.php\/wp-json\/wp\/v2\/categories?post=1757"},{"taxonomy":"post_tag","embeddable":true,"href":"https:\/\/lahora.mx\/index.php\/wp-json\/wp\/v2\/tags?post=1757"}],"curies":[{"name":"wp","href":"https:\/\/api.w.org\/{rel}","templated":true}]}}