{"id":17566,"date":"2022-12-06T23:10:31","date_gmt":"2022-12-06T23:10:31","guid":{"rendered":"http:\/\/lahora.mx\/?p=17566"},"modified":"2022-12-06T23:10:32","modified_gmt":"2022-12-06T23:10:32","slug":"cristina-fernandez-es-condenada-a-seis-anos-de-prision-en-el-juicio-por-corrupcion","status":"publish","type":"post","link":"https:\/\/lahora.mx\/index.php\/2022\/12\/06\/cristina-fernandez-es-condenada-a-seis-anos-de-prision-en-el-juicio-por-corrupcion\/","title":{"rendered":"Cristina Fern\u00e1ndez es condenada a seis a\u00f1os de prisi\u00f3n en el juicio por corrupci\u00f3n"},"content":{"rendered":"\n<p>Un tribunal argentino conden\u00f3 este martes a la vicepresidenta argentina Cristina Fern\u00e1ndez de Kirchner a seis a\u00f1os de prisi\u00f3n por defraudaci\u00f3n al Estado durante su dos mandatos como presidenta.<\/p>\n\n\n\n<p>La condena tambi\u00e9n incluye la inhabilitaci\u00f3n de por vida para ejercer cargos p\u00fablicos.<\/p>\n\n\n\n<p>La corte integrada por tres jueces dio por probada la administraci\u00f3n fraudulenta pero desestim\u00f3 la acusaci\u00f3n de la Fiscal\u00eda de que la dirigente peronista, de 69 a\u00f1os, hab\u00eda liderado una asociaci\u00f3n il\u00edcita y por los cuales hab\u00eda pedido una condena total de 12 a\u00f1os de prisi\u00f3n.<\/p>\n\n\n\n<p>La vicepresidenta escuch\u00f3 el fallo en su despacho en el Senado, c\u00e1mara que preside por ser vicepresidenta.<\/p>\n\n\n\n<p>Mientras, decenas de simpatizantes de fuerzas izquierdistas se congregaron en torno de la sede de los tribunales federales para dar su apoyo a la exmandataria cuando el veredicto fue le\u00eddo. El edificio se encuentra rodeado de vallas y fuertemente custodiado por polic\u00edas.<\/p>\n\n\n\n<p>Fern\u00e1ndez de Kirchner fue hallada culpable de adjudicar de forma irregular durante sus dos mandatos (2007-2015) 51 obras viales con fondos nacionales a L\u00e1zaro B\u00e1ez, un empresario allegado, lo que supuso una defraudaci\u00f3n al Estado por cerca de mil millones de d\u00f3lares.<\/p>\n\n\n\n<p>El fallo puede ser apelado y quedar\u00e1 firme cuando as\u00ed lo resuelva la Corte Suprema de Justicia, un proceso que podr\u00eda demorarse a\u00f1os.<\/p>\n\n\n\n<p>Hasta entonces, la vicepresidenta podr\u00e1 postularse para cualquier cargo de elecci\u00f3n popular -desde una banca en el Congreso hasta la presidencia- seg\u00fan lo establece la ley.<\/p>\n\n\n\n<p>Este es el primer juicio a Fern\u00e1ndez de Kirchner y el primer pedido de condena al que se enfrenta. Otras investigaciones judiciales han sido cerradas y varias por distintos delitos siguen abiertas.<\/p>\n\n\n\n<p>Se espera que la condena tenga un fuerte impacto ya que es la primera vez que un vicepresidente argentino es condenado estando en funciones y porque Fern\u00e1ndez de Kirchner es la figura pol\u00edtica m\u00e1s relevante de los \u00faltimos 20 a\u00f1os.<\/p>\n\n\n\n<p>El Tribunal Federal dio a conocer su veredicto alrededor de las 2030 GMT durante la \u00faltima audiencia del juicio y en medio de una enorme expectaci\u00f3n.<\/p>\n\n\n\n<p>El tribunal tambi\u00e9n dict\u00f3 penas de seis a\u00f1os de prisi\u00f3n para otros acusados, como B\u00e1ez y el exsecretario de Obras P\u00fablicas, Jos\u00e9 L\u00f3pez.<\/p>\n\n\n\n<p>Los fiscales Diego Luciani y Sergio Mola sostuvieron durante el juicio que la empresa de B\u00e1ez fue una estructura creada para extraer fondos del Estado mediante la asignaci\u00f3n irregular de obras p\u00fablicas y que cuando concluy\u00f3 el mandato de Fern\u00e1ndez de Kirchner desapareci\u00f3. Tambi\u00e9n afirmaron que varios proyectos viales registraron sobrecostos y muchos nunca se terminaron.<\/p>\n\n\n\n<p>Se\u00f1alaron que este esquema corrupci\u00f3n, \u00abel mayor que se haya conocido en el pa\u00eds\u201d, tambi\u00e9n estuvo vigente durante la presidencia de N\u00e9stor Kirchner (2003-2007), marido y antecesor de la vicepresidenta y quien falleci\u00f3 tres a\u00f1os despu\u00e9s de dejar el poder.<\/p>\n\n\n\n<p>Fern\u00e1ndez de Kirchner neg\u00f3 las imputaciones y acus\u00f3 al tribunal de tener la condena escrita desde el inicio del juicio y de actuar como un \u201cpelot\u00f3n de fusilamiento\u201d.<\/p>\n","protected":false},"excerpt":{"rendered":"<p>Un tribunal argentino conden\u00f3 este martes a la vicepresidenta argentina Cristina Fern\u00e1ndez de Kirchner a seis a\u00f1os de prisi\u00f3n por defraudaci\u00f3n al Estado durante su dos mandatos como presidenta. La condena tambi\u00e9n incluye la inhabilitaci\u00f3n de por vida para ejercer cargos p\u00fablicos. La corte integrada por tres jueces dio por probada la administraci\u00f3n fraudulenta pero [&hellip;]<\/p>\n","protected":false},"author":4,"featured_media":17567,"comment_status":"open","ping_status":"open","sticky":false,"template":"","format":"standard","meta":{"om_disable_all_campaigns":false,"_monsterinsights_skip_tracking":false,"_monsterinsights_sitenote_active":false,"_monsterinsights_sitenote_note":"","_monsterinsights_sitenote_category":0,"footnotes":""},"categories":[176],"tags":[],"class_list":["post-17566","post","type-post","status-publish","format-standard","has-post-thumbnail","hentry","category-nacional"],"amp_enabled":true,"_links":{"self":[{"href":"https:\/\/lahora.mx\/index.php\/wp-json\/wp\/v2\/posts\/17566","targetHints":{"allow":["GET"]}}],"collection":[{"href":"https:\/\/lahora.mx\/index.php\/wp-json\/wp\/v2\/posts"}],"about":[{"href":"https:\/\/lahora.mx\/index.php\/wp-json\/wp\/v2\/types\/post"}],"author":[{"embeddable":true,"href":"https:\/\/lahora.mx\/index.php\/wp-json\/wp\/v2\/users\/4"}],"replies":[{"embeddable":true,"href":"https:\/\/lahora.mx\/index.php\/wp-json\/wp\/v2\/comments?post=17566"}],"version-history":[{"count":1,"href":"https:\/\/lahora.mx\/index.php\/wp-json\/wp\/v2\/posts\/17566\/revisions"}],"predecessor-version":[{"id":17568,"href":"https:\/\/lahora.mx\/index.php\/wp-json\/wp\/v2\/posts\/17566\/revisions\/17568"}],"wp:featuredmedia":[{"embeddable":true,"href":"https:\/\/lahora.mx\/index.php\/wp-json\/wp\/v2\/media\/17567"}],"wp:attachment":[{"href":"https:\/\/lahora.mx\/index.php\/wp-json\/wp\/v2\/media?parent=17566"}],"wp:term":[{"taxonomy":"category","embeddable":true,"href":"https:\/\/lahora.mx\/index.php\/wp-json\/wp\/v2\/categories?post=17566"},{"taxonomy":"post_tag","embeddable":true,"href":"https:\/\/lahora.mx\/index.php\/wp-json\/wp\/v2\/tags?post=17566"}],"curies":[{"name":"wp","href":"https:\/\/api.w.org\/{rel}","templated":true}]}}