{"id":17563,"date":"2022-12-06T23:01:01","date_gmt":"2022-12-06T23:01:01","guid":{"rendered":"http:\/\/lahora.mx\/?p=17563"},"modified":"2022-12-06T23:01:02","modified_gmt":"2022-12-06T23:01:02","slug":"tras-negarle-espacio-en-la-mananera-xochitl-galvez-encara-a-amlo","status":"publish","type":"post","link":"https:\/\/lahora.mx\/index.php\/2022\/12\/06\/tras-negarle-espacio-en-la-mananera-xochitl-galvez-encara-a-amlo\/","title":{"rendered":"Tras negarle espacio en la ma\u00f1anera X\u00f3chitl G\u00e1lvez encara a AMLO"},"content":{"rendered":"\n<p>En su conferencia ma\u00f1anera de este martes en Palacio Nacional, el presidente Andr\u00e9s Manuel L\u00f3pez Obrador neg\u00f3 darle el espacio que solicit\u00f3 la senadora X\u00f3chitl G\u00e1lvez, luego de que ayer el titular del Ejecutivo afirm\u00f3 que la panista quitar\u00eda los programas de apoyo a los adultos mayores.<\/p>\n\n\n\n<p>\u201cAcaba de decir la se\u00f1ora X\u00f3chitl G\u00e1lvez que ella va a quitar los programas de apoyo a los adultos mayores, lo mismo plante\u00f3 la que era candidata del PRI en Hidalgo (Carolina Viggiano) y han votado para que no se apoye a los adultos mayores, ni se apoye la educaci\u00f3n p\u00fablica, ni se apoye la salud p\u00fablica, que no se entreguen becas a personas con discapacidad, porque todo eso para ellos es populismo, es paternalismo\u201d, afirm\u00f3 ayer L\u00f3pez Obrador.<\/p>\n\n\n\n<p>En el Sal\u00f3n Tesorer\u00eda, L\u00f3pez Obrador rechaz\u00f3 darle derecho de r\u00e9plica a X\u00f3chitl G\u00e1lvez y la mand\u00f3 a buscar espacios con los periodistas Joaqu\u00edn L\u00f3pez-D\u00f3riga y Ciro G\u00f3mez Leyva, con el comediante Chumel Torres o con el publicista Carlos Alazraki.<\/p>\n\n\n\n<p>L\u00f3pez Obrador se\u00f1al\u00f3 que \u201ces el colmo\u201d la petici\u00f3n que hizo la senadora G\u00e1lvez para asistir a la ma\u00f1anera a hacer una aclaraci\u00f3n, porque, dijo, ella tiene \u201ctodos los espacios abiertos\u201d.<\/p>\n\n\n\n<p>\u201cQue vaya a enga\u00f1ar a otra parte\u201d, le dijo el presidente L\u00f3pez Obrador a la senadora de Acci\u00f3n Nacional.<br>Agreg\u00f3 que X\u00f3chitl G\u00e1lvez \u201ces experta\u201d en presentar denuncias ante la Fiscal\u00eda General de la Rep\u00fablica.<\/p>\n\n\n\n<p>\u201cYo sostengo de que ellos no le tienen amor al pueblo, y que si fuese por ellos no existir\u00edan los programas de<br>bienestar, porque me consta\u201d, expres\u00f3.<\/p>\n\n\n\n<p>\u201cSi la autoridad competente me lo exige, cumplir\u00eda yo con eso sin ning\u00fan problema, pero que haga su tr\u00e1mite, porque ya es el colmo; tienen todos los medios de informaci\u00f3n. Denuncia, gritan, insultan y todav\u00eda quieren meterse aqu\u00ed\u201d, declar\u00f3 L\u00f3pez Obrador.<\/p>\n","protected":false},"excerpt":{"rendered":"<p>En su conferencia ma\u00f1anera de este martes en Palacio Nacional, el presidente Andr\u00e9s Manuel L\u00f3pez Obrador neg\u00f3 darle el espacio que solicit\u00f3 la senadora X\u00f3chitl G\u00e1lvez, luego de que ayer el titular del Ejecutivo afirm\u00f3 que la panista quitar\u00eda los programas de apoyo a los adultos mayores. \u201cAcaba de decir la se\u00f1ora X\u00f3chitl G\u00e1lvez que [&hellip;]<\/p>\n","protected":false},"author":4,"featured_media":17564,"comment_status":"open","ping_status":"open","sticky":false,"template":"","format":"standard","meta":{"om_disable_all_campaigns":false,"_monsterinsights_skip_tracking":false,"_monsterinsights_sitenote_active":false,"_monsterinsights_sitenote_note":"","_monsterinsights_sitenote_category":0,"footnotes":""},"categories":[176],"tags":[],"class_list":["post-17563","post","type-post","status-publish","format-standard","has-post-thumbnail","hentry","category-nacional"],"amp_enabled":true,"_links":{"self":[{"href":"https:\/\/lahora.mx\/index.php\/wp-json\/wp\/v2\/posts\/17563","targetHints":{"allow":["GET"]}}],"collection":[{"href":"https:\/\/lahora.mx\/index.php\/wp-json\/wp\/v2\/posts"}],"about":[{"href":"https:\/\/lahora.mx\/index.php\/wp-json\/wp\/v2\/types\/post"}],"author":[{"embeddable":true,"href":"https:\/\/lahora.mx\/index.php\/wp-json\/wp\/v2\/users\/4"}],"replies":[{"embeddable":true,"href":"https:\/\/lahora.mx\/index.php\/wp-json\/wp\/v2\/comments?post=17563"}],"version-history":[{"count":1,"href":"https:\/\/lahora.mx\/index.php\/wp-json\/wp\/v2\/posts\/17563\/revisions"}],"predecessor-version":[{"id":17565,"href":"https:\/\/lahora.mx\/index.php\/wp-json\/wp\/v2\/posts\/17563\/revisions\/17565"}],"wp:featuredmedia":[{"embeddable":true,"href":"https:\/\/lahora.mx\/index.php\/wp-json\/wp\/v2\/media\/17564"}],"wp:attachment":[{"href":"https:\/\/lahora.mx\/index.php\/wp-json\/wp\/v2\/media?parent=17563"}],"wp:term":[{"taxonomy":"category","embeddable":true,"href":"https:\/\/lahora.mx\/index.php\/wp-json\/wp\/v2\/categories?post=17563"},{"taxonomy":"post_tag","embeddable":true,"href":"https:\/\/lahora.mx\/index.php\/wp-json\/wp\/v2\/tags?post=17563"}],"curies":[{"name":"wp","href":"https:\/\/api.w.org\/{rel}","templated":true}]}}