{"id":17557,"date":"2022-12-06T19:46:47","date_gmt":"2022-12-06T19:46:47","guid":{"rendered":"http:\/\/lahora.mx\/?p=17557"},"modified":"2022-12-06T19:46:47","modified_gmt":"2022-12-06T19:46:47","slug":"plan-b-de-reforma-electoral-sera-acotado-reconoce-lopez-obrador","status":"publish","type":"post","link":"https:\/\/lahora.mx\/index.php\/2022\/12\/06\/plan-b-de-reforma-electoral-sera-acotado-reconoce-lopez-obrador\/","title":{"rendered":"Plan B de reforma electoral ser\u00e1 acotado, reconoce L\u00f3pez Obrador"},"content":{"rendered":"\n<p>Las reformas en materia electoral que propondr\u00e1 el Gobierno de M\u00e9xico al Congreso ser\u00e1n de corto alcance, acotadas y con poco margen para hacer cambios fundamentales al sistema electoral, reconoci\u00f3 el presidente Andr\u00e9s Manuel L\u00f3pez Obrador.<\/p>\n\n\n\n<p>En rueda de prensa, el titular del Ejecutivo reiter\u00f3 que la posibilidad de conseguir una reforma constitucional en el Congreso es nula, y por ello recurrir\u00e1 a una reforma en leyes secundarias que tendr\u00e1n menor alcance.<\/p>\n\n\n\n<p>\u00abVa a venir ma\u00f1ana el secretario de Gobernaci\u00f3n (Ad\u00e1n Augusto L\u00f3pez) a dar a conocer en qu\u00e9 consiste nuestra reforma.<\/p>\n\n\n\n<p>\u00abEst\u00e1 muy acotada, porque no podemos violar la Constituci\u00f3n, no debemos, porque como no hubo reforma constitucional, no va a haber, son muy pocos los m\u00e1rgenes. Pero se requiere esto. Ahora no se pudo, pero no quiere decir que hay que arriar banderas\u00bb, expuso L\u00f3pez Obrador.<\/p>\n\n\n\n<p>Insisti\u00f3 en que los partidos pol\u00edticos opositores pretenden que contin\u00faen pr\u00e1cticas que consider\u00f3 indebidas en el sistema electoral.<br>\u00abDando como hecho que los partidos de oposici\u00f3n no quieren que se le reduzca el presupuesto al INE, no quieren que se reduzca el n\u00famero de legisladores de 500 a 300, no quieren que a los consejeros los elija el pueblo, quieren que los siga eligiendo los partidos. Eso es, es realmente una tomadura de pelo colectiva\u00bb, recalc\u00f3 el presidente.<\/p>\n\n\n\n<p>Insisti\u00f3 en que personalmente no apoyar\u00e1 p\u00fablicamente a alguno de los aspirantes a la candidatura de Morena a la gubernatura de Coahuila.<\/p>\n\n\n\n<p>En esa entidad est\u00e1 por cerrarse el registro de quienes ser\u00e1n incluidos en la encuesta que levantar\u00e1 ese partido para definir a su coordinador de comit\u00e9s, que en los hechos ser\u00e1 el candidato.<\/p>\n","protected":false},"excerpt":{"rendered":"<p>Las reformas en materia electoral que propondr\u00e1 el Gobierno de M\u00e9xico al Congreso ser\u00e1n de corto alcance, acotadas y con poco margen para hacer cambios fundamentales al sistema electoral, reconoci\u00f3 el presidente Andr\u00e9s Manuel L\u00f3pez Obrador. En rueda de prensa, el titular del Ejecutivo reiter\u00f3 que la posibilidad de conseguir una reforma constitucional en el [&hellip;]<\/p>\n","protected":false},"author":4,"featured_media":17558,"comment_status":"open","ping_status":"open","sticky":false,"template":"","format":"standard","meta":{"om_disable_all_campaigns":false,"_monsterinsights_skip_tracking":false,"_monsterinsights_sitenote_active":false,"_monsterinsights_sitenote_note":"","_monsterinsights_sitenote_category":0,"footnotes":""},"categories":[176],"tags":[],"class_list":["post-17557","post","type-post","status-publish","format-standard","has-post-thumbnail","hentry","category-nacional"],"amp_enabled":true,"_links":{"self":[{"href":"https:\/\/lahora.mx\/index.php\/wp-json\/wp\/v2\/posts\/17557","targetHints":{"allow":["GET"]}}],"collection":[{"href":"https:\/\/lahora.mx\/index.php\/wp-json\/wp\/v2\/posts"}],"about":[{"href":"https:\/\/lahora.mx\/index.php\/wp-json\/wp\/v2\/types\/post"}],"author":[{"embeddable":true,"href":"https:\/\/lahora.mx\/index.php\/wp-json\/wp\/v2\/users\/4"}],"replies":[{"embeddable":true,"href":"https:\/\/lahora.mx\/index.php\/wp-json\/wp\/v2\/comments?post=17557"}],"version-history":[{"count":1,"href":"https:\/\/lahora.mx\/index.php\/wp-json\/wp\/v2\/posts\/17557\/revisions"}],"predecessor-version":[{"id":17559,"href":"https:\/\/lahora.mx\/index.php\/wp-json\/wp\/v2\/posts\/17557\/revisions\/17559"}],"wp:featuredmedia":[{"embeddable":true,"href":"https:\/\/lahora.mx\/index.php\/wp-json\/wp\/v2\/media\/17558"}],"wp:attachment":[{"href":"https:\/\/lahora.mx\/index.php\/wp-json\/wp\/v2\/media?parent=17557"}],"wp:term":[{"taxonomy":"category","embeddable":true,"href":"https:\/\/lahora.mx\/index.php\/wp-json\/wp\/v2\/categories?post=17557"},{"taxonomy":"post_tag","embeddable":true,"href":"https:\/\/lahora.mx\/index.php\/wp-json\/wp\/v2\/tags?post=17557"}],"curies":[{"name":"wp","href":"https:\/\/api.w.org\/{rel}","templated":true}]}}