{"id":17503,"date":"2022-12-05T23:23:29","date_gmt":"2022-12-05T23:23:29","guid":{"rendered":"http:\/\/lahora.mx\/?p=17503"},"modified":"2022-12-05T23:23:30","modified_gmt":"2022-12-05T23:23:30","slug":"giran-7-ordenes-de-aprehension-por-casos-de-meningitis-en-durango","status":"publish","type":"post","link":"https:\/\/lahora.mx\/index.php\/2022\/12\/05\/giran-7-ordenes-de-aprehension-por-casos-de-meningitis-en-durango\/","title":{"rendered":"Giran 7 \u00f3rdenes de aprehensi\u00f3n por casos de meningitis en Durango"},"content":{"rendered":"\n<p>Ante los casos de meningitis en Durango que han dejado, hasta el momento, 22 muertos y 71 casos confirmados, la fiscal\u00eda del estado obtuvo siete \u00f3rdenes de aprehensi\u00f3n contra due\u00f1os y administradores de los hospitales privados en los que se realizaron diversos procedimientos quir\u00fargicos que derivaron en esta situaci\u00f3n.<\/p>\n\n\n\n<p>Las \u00f3rdenes de aprehensi\u00f3n son por los delitos de homicidio y lesiones agravados debido a los casos de meningitis causado por un hongo que ingres\u00f3 al sistema nervioso debido a los procedimientos quir\u00fargicos realizados.<\/p>\n\n\n\n<p>La fiscal\u00eda de Durango inform\u00f3 que las \u00f3rdenes de captura son contra:<\/p>\n\n\n\n<p>Guillermo \u2019N\u2019<br>Sandra Idanes \u2019N\u2019<br>David \u2019N\u2019<br>Ilse Janet \u2019N\u2019<br>Jos\u00e9 Miguel \u2019N\u2019<br>Dora Manuela \u2019N\u2019<br>Luis Carlos \u2019N\u2019<\/p>\n\n\n\n<p>Todos ellos est\u00e1n pr\u00f3fugos de la justicia, por lo que la fiscal\u00eda de Durango solicit\u00f3 la colaboraci\u00f3n de las 31 entidades, la Fiscal\u00eda General de la Rep\u00fablica, la Interpol, el Instituto Nacional de Migraci\u00f3n y la Secretar\u00eda de Relaciones Exteriores para su captura.<\/p>\n\n\n\n<p>Tras ejecutar \u00f3rdenes de cateo en 13 inmuebles el pasado 30 de noviembre luego de obtener las \u00f3rdenes de aprehensi\u00f3n, agentes de la fiscal\u00eda de Durango no encontraron a los indiciados en los domicilios que ten\u00edan, por lo que se emitir\u00e1n los boletines de b\u00fasqueda.<\/p>\n\n\n\n<p>\u00bfQu\u00e9 caus\u00f3 los casos de meningitis en Durango?<\/p>\n\n\n\n<p>Tras los resultados de las necropsias cient\u00edficas realizadas, se determin\u00f3 que los casos de meningitis por hongos en cuatro hospitales privados de Durango se debi\u00f3 a los procedimientos aplicados en dichos lugares, indic\u00f3 la fiscal\u00eda del estado.<\/p>\n\n\n\n<p>La dependencia estatal indic\u00f3 que era preciso tener estos resultados para judicializar la carpeta de investigaci\u00f3n al establecerse qu\u00e9 es lo que caus\u00f3 la meningitis.<\/p>\n\n\n\n<p>De acuerdo con los resultados parciales de la Cofepris tras la revisi\u00f3n de uno de los hospitales en los que se dieron los casos de meningitis y del medicamento denominado Buvacaina, se determin\u00f3 que en las muestras aseguradas no se hall\u00f3 crecimiento del hongo.<\/p>\n\n\n\n<p>Adem\u00e1s el etiquetado del medicamento fue reconocido como aut\u00e9ntico del laboratorio de fabricaci\u00f3n.<\/p>\n","protected":false},"excerpt":{"rendered":"<p>Ante los casos de meningitis en Durango que han dejado, hasta el momento, 22 muertos y 71 casos confirmados, la fiscal\u00eda del estado obtuvo siete \u00f3rdenes de aprehensi\u00f3n contra due\u00f1os y administradores de los hospitales privados en los que se realizaron diversos procedimientos quir\u00fargicos que derivaron en esta situaci\u00f3n. Las \u00f3rdenes de aprehensi\u00f3n son por [&hellip;]<\/p>\n","protected":false},"author":4,"featured_media":17504,"comment_status":"open","ping_status":"open","sticky":false,"template":"","format":"standard","meta":{"om_disable_all_campaigns":false,"_monsterinsights_skip_tracking":false,"_monsterinsights_sitenote_active":false,"_monsterinsights_sitenote_note":"","_monsterinsights_sitenote_category":0,"footnotes":""},"categories":[176],"tags":[195],"class_list":["post-17503","post","type-post","status-publish","format-standard","has-post-thumbnail","hentry","category-nacional","tag-principal"],"amp_enabled":true,"_links":{"self":[{"href":"https:\/\/lahora.mx\/index.php\/wp-json\/wp\/v2\/posts\/17503","targetHints":{"allow":["GET"]}}],"collection":[{"href":"https:\/\/lahora.mx\/index.php\/wp-json\/wp\/v2\/posts"}],"about":[{"href":"https:\/\/lahora.mx\/index.php\/wp-json\/wp\/v2\/types\/post"}],"author":[{"embeddable":true,"href":"https:\/\/lahora.mx\/index.php\/wp-json\/wp\/v2\/users\/4"}],"replies":[{"embeddable":true,"href":"https:\/\/lahora.mx\/index.php\/wp-json\/wp\/v2\/comments?post=17503"}],"version-history":[{"count":1,"href":"https:\/\/lahora.mx\/index.php\/wp-json\/wp\/v2\/posts\/17503\/revisions"}],"predecessor-version":[{"id":17505,"href":"https:\/\/lahora.mx\/index.php\/wp-json\/wp\/v2\/posts\/17503\/revisions\/17505"}],"wp:featuredmedia":[{"embeddable":true,"href":"https:\/\/lahora.mx\/index.php\/wp-json\/wp\/v2\/media\/17504"}],"wp:attachment":[{"href":"https:\/\/lahora.mx\/index.php\/wp-json\/wp\/v2\/media?parent=17503"}],"wp:term":[{"taxonomy":"category","embeddable":true,"href":"https:\/\/lahora.mx\/index.php\/wp-json\/wp\/v2\/categories?post=17503"},{"taxonomy":"post_tag","embeddable":true,"href":"https:\/\/lahora.mx\/index.php\/wp-json\/wp\/v2\/tags?post=17503"}],"curies":[{"name":"wp","href":"https:\/\/api.w.org\/{rel}","templated":true}]}}