{"id":1750,"date":"2022-01-17T15:12:28","date_gmt":"2022-01-17T15:12:28","guid":{"rendered":"http:\/\/lahora.mx\/?p=1750"},"modified":"2022-01-17T15:12:28","modified_gmt":"2022-01-17T15:12:28","slug":"amlo-regresa-a-las-mananeras-tras-segundo-positivo-a-covid","status":"publish","type":"post","link":"https:\/\/lahora.mx\/index.php\/2022\/01\/17\/amlo-regresa-a-las-mananeras-tras-segundo-positivo-a-covid\/","title":{"rendered":"AMLO regresa a las ma\u00f1aneras tras segundo positivo a Covid"},"content":{"rendered":"<p>Al manifestar que \u201cya salimos del contagio y nos fue bien\u201d, el presidente Andr\u00e9s Manuel L\u00f3pez Obrador regres\u00f3 a la conferencia de prensa matutina tras una semana de anunciar que hab\u00eda dado positivo a covid-19 por segunda ocasi\u00f3n en menos de un a\u00f1o.<br \/>\nEn el sal\u00f3n Tesorer\u00eda de Palacio Nacional, el titular del Ejecutivo federal asegur\u00f3 que con su regreso se demuestra que la variante \u00f3micron no tiene la misma gravedad de delta<strong>\u00a0<\/strong>en cuanto a s\u00edntomas y recuperaci\u00f3n.<br \/>\nA la par de llamar a la poblaci\u00f3n a no espantarse, exhort\u00f3 a seguir cuid\u00e1ndose y evitar contagios, puesto que reconoci\u00f3 que con la nueva variante se han incrementado el n\u00famero de fallecimientos.\u201cComo todos los lunes iniciamos esta conferencia, ya salimos del contagio, nos fue bien. Es demostrable que esta variante no tiene la misma gravedad de la anterior, de la variante delta en s\u00edntomas y tambi\u00e9n el tiempo de recuperaci\u00f3n.\u00a0 Esto es bueno para que no nos espantemos, de todas formas, hay que cuidarnos, evitar contagios porque eso s\u00ed, se trata de una variante muy contagiosa, mucho muy contagiosa, est\u00e1n creciendo mucho los contagios en el pa\u00eds, pero no as\u00ed las hospitalizaciones y lo m\u00e1s importante no hay incremento en fallecimientos, eso es muy importante.<\/p>\n<p>\u201cLo que ayuda mucho tambi\u00e9n es la vacuna, el vacunarnos no dejar de aplicarnos la vacuna de refuerzo, tambi\u00e9n porque con eso vamos a lo seguro, con la vacuna de refuerzo, son menos los s\u00edntomas y no nos agravamos\u201d, dijo.<br \/>\nAdemas el presidente L\u00f3pez Obrador agradeci\u00f3 a la poblaci\u00f3n que estuvo pendiente a su salud pues \u201camor con amor se paga\u201d, as\u00ed como tambi\u00e9n a mandatarios de naciones que mostraron su preocupaci\u00f3n.<\/p>\n<p>El Mandatario federal se\u00f1al\u00f3 que pese a que durante esta semana de recuperaci\u00f3n sigui\u00f3 trabajando \u201cpero no es lo mismo, ya cuando no tiene uno pues el contagio ya puede uno volver todas las actividades y tener reuniones presenciales que no se pueden tener cuando se padece del Covid\u201d.<\/p>\n","protected":false},"excerpt":{"rendered":"<p>Al manifestar que \u201cya salimos del contagio y nos fue bien\u201d, el presidente Andr\u00e9s Manuel L\u00f3pez Obrador regres\u00f3 a la conferencia de prensa matutina tras una semana de anunciar que hab\u00eda dado positivo a covid-19 por segunda ocasi\u00f3n en menos de un a\u00f1o. En el sal\u00f3n Tesorer\u00eda de Palacio Nacional, el titular del Ejecutivo federal [&hellip;]<\/p>\n","protected":false},"author":4,"featured_media":1751,"comment_status":"open","ping_status":"open","sticky":false,"template":"","format":"standard","meta":{"om_disable_all_campaigns":false,"_monsterinsights_skip_tracking":false,"_monsterinsights_sitenote_active":false,"_monsterinsights_sitenote_note":"","_monsterinsights_sitenote_category":0,"footnotes":""},"categories":[1],"tags":[],"class_list":["post-1750","post","type-post","status-publish","format-standard","has-post-thumbnail","hentry","category-sin-categoria"],"amp_enabled":true,"_links":{"self":[{"href":"https:\/\/lahora.mx\/index.php\/wp-json\/wp\/v2\/posts\/1750","targetHints":{"allow":["GET"]}}],"collection":[{"href":"https:\/\/lahora.mx\/index.php\/wp-json\/wp\/v2\/posts"}],"about":[{"href":"https:\/\/lahora.mx\/index.php\/wp-json\/wp\/v2\/types\/post"}],"author":[{"embeddable":true,"href":"https:\/\/lahora.mx\/index.php\/wp-json\/wp\/v2\/users\/4"}],"replies":[{"embeddable":true,"href":"https:\/\/lahora.mx\/index.php\/wp-json\/wp\/v2\/comments?post=1750"}],"version-history":[{"count":1,"href":"https:\/\/lahora.mx\/index.php\/wp-json\/wp\/v2\/posts\/1750\/revisions"}],"predecessor-version":[{"id":1752,"href":"https:\/\/lahora.mx\/index.php\/wp-json\/wp\/v2\/posts\/1750\/revisions\/1752"}],"wp:featuredmedia":[{"embeddable":true,"href":"https:\/\/lahora.mx\/index.php\/wp-json\/wp\/v2\/media\/1751"}],"wp:attachment":[{"href":"https:\/\/lahora.mx\/index.php\/wp-json\/wp\/v2\/media?parent=1750"}],"wp:term":[{"taxonomy":"category","embeddable":true,"href":"https:\/\/lahora.mx\/index.php\/wp-json\/wp\/v2\/categories?post=1750"},{"taxonomy":"post_tag","embeddable":true,"href":"https:\/\/lahora.mx\/index.php\/wp-json\/wp\/v2\/tags?post=1750"}],"curies":[{"name":"wp","href":"https:\/\/api.w.org\/{rel}","templated":true}]}}