{"id":17476,"date":"2022-12-05T21:34:35","date_gmt":"2022-12-05T21:34:35","guid":{"rendered":"http:\/\/lahora.mx\/?p=17476"},"modified":"2022-12-05T21:34:35","modified_gmt":"2022-12-05T21:34:35","slug":"tlatehui-fusionara-secretarias-en-cholula-para-la-reduccion-de-gastos","status":"publish","type":"post","link":"https:\/\/lahora.mx\/index.php\/2022\/12\/05\/tlatehui-fusionara-secretarias-en-cholula-para-la-reduccion-de-gastos\/","title":{"rendered":"Tlatehui fusionar\u00e1 secretar\u00edas en Cholula para la reducci\u00f3n de gastos"},"content":{"rendered":"\n<p class=\"wp-block-paragraph\">El presidente municipal de San Andr\u00e9s Cholula, Edmundo Tlatehui Percino, inform\u00f3 que a inicios del pr\u00f3ximo 2023 se fusionar\u00e1n algunas secretar\u00edas de su gobierno con la finalidad de reducir la n\u00f3mina en su administraci\u00f3n.<\/p>\n\n\n\n<p class=\"wp-block-paragraph\">En entrevista, el edil sanandrese\u00f1o inform\u00f3 que las secretar\u00edas que se fusionar\u00e1n ser\u00e1n las de Arte y Cultura, as\u00ed como la fusi\u00f3n de Desarrollo Econ\u00f3mico y Fomento Agropecuario, indicando que dicha decisi\u00f3n se llevar\u00e1 a cabo a inicios del pr\u00f3ximo a\u00f1o.<br>\u00abQuiero informarles que se est\u00e1 tomando la decisi\u00f3n de fusionar algunas secretar\u00edas como las de Arte y Cultura, as\u00ed como como las de Desarrollo Econ\u00f3mico y Fomento Agropecuario; esto a partir del pr\u00f3ximo mes de enero del 2023\u00bb, indic\u00f3 el alcalde.<br>Edmundo Tlatehui advirti\u00f3 que en los pr\u00f3ximos d\u00edas ser\u00e1n evaluados todos los secretarios y directivos de su gobierno para saber si fueron logrados los objetivos planeados para el 2022, pues no descart\u00f3 la posibilidad de que existan m\u00e1s cambios dentro del ayuntamiento sanandrese\u00f1o.<\/p>\n","protected":false},"excerpt":{"rendered":"<p>El presidente municipal de San Andr\u00e9s Cholula, Edmundo Tlatehui Percino, inform\u00f3 que a inicios del pr\u00f3ximo 2023 se fusionar\u00e1n algunas secretar\u00edas de su gobierno con la finalidad de reducir la n\u00f3mina en su administraci\u00f3n. En entrevista, el edil sanandrese\u00f1o inform\u00f3 que las secretar\u00edas que se fusionar\u00e1n ser\u00e1n las de Arte y Cultura, as\u00ed como la [&hellip;]<\/p>\n","protected":false},"author":4,"featured_media":17477,"comment_status":"open","ping_status":"open","sticky":false,"template":"","format":"standard","meta":{"om_disable_all_campaigns":false,"_monsterinsights_skip_tracking":false,"footnotes":""},"categories":[175],"tags":[223],"class_list":["post-17476","post","type-post","status-publish","format-standard","has-post-thumbnail","hentry","category-local","tag-puebla"],"amp_enabled":true,"_links":{"self":[{"href":"https:\/\/lahora.mx\/index.php\/wp-json\/wp\/v2\/posts\/17476","targetHints":{"allow":["GET"]}}],"collection":[{"href":"https:\/\/lahora.mx\/index.php\/wp-json\/wp\/v2\/posts"}],"about":[{"href":"https:\/\/lahora.mx\/index.php\/wp-json\/wp\/v2\/types\/post"}],"author":[{"embeddable":true,"href":"https:\/\/lahora.mx\/index.php\/wp-json\/wp\/v2\/users\/4"}],"replies":[{"embeddable":true,"href":"https:\/\/lahora.mx\/index.php\/wp-json\/wp\/v2\/comments?post=17476"}],"version-history":[{"count":1,"href":"https:\/\/lahora.mx\/index.php\/wp-json\/wp\/v2\/posts\/17476\/revisions"}],"predecessor-version":[{"id":17478,"href":"https:\/\/lahora.mx\/index.php\/wp-json\/wp\/v2\/posts\/17476\/revisions\/17478"}],"wp:featuredmedia":[{"embeddable":true,"href":"https:\/\/lahora.mx\/index.php\/wp-json\/wp\/v2\/media\/17477"}],"wp:attachment":[{"href":"https:\/\/lahora.mx\/index.php\/wp-json\/wp\/v2\/media?parent=17476"}],"wp:term":[{"taxonomy":"category","embeddable":true,"href":"https:\/\/lahora.mx\/index.php\/wp-json\/wp\/v2\/categories?post=17476"},{"taxonomy":"post_tag","embeddable":true,"href":"https:\/\/lahora.mx\/index.php\/wp-json\/wp\/v2\/tags?post=17476"}],"curies":[{"name":"wp","href":"https:\/\/api.w.org\/{rel}","templated":true}]}}