{"id":17470,"date":"2022-12-05T15:53:11","date_gmt":"2022-12-05T15:53:11","guid":{"rendered":"http:\/\/lahora.mx\/?p=17470"},"modified":"2022-12-05T15:53:12","modified_gmt":"2022-12-05T15:53:12","slug":"cuando-y-por-que-la-sep-dara-una-semana-extra-de-vacaciones-decembrinas","status":"publish","type":"post","link":"https:\/\/lahora.mx\/index.php\/2022\/12\/05\/cuando-y-por-que-la-sep-dara-una-semana-extra-de-vacaciones-decembrinas\/","title":{"rendered":"\u00bfCu\u00e1ndo y por qu\u00e9 la SEP dar\u00e1 una semana extra de vacaciones decembrinas?"},"content":{"rendered":"\n<p>Los estudiantes de nivel b\u00e1sico en M\u00e9xico tendr\u00e1n una semana extra de vacaciones de fin de a\u00f1o a comparaci\u00f3n de ciclos escolares anteriores, ya que el calendario de la Secretar\u00eda de Educaci\u00f3n P\u00fablica (SEP) as\u00ed lo establece.<\/p>\n\n\n\n<p>Las vacaciones de invierno de los menores oficialmente ser\u00e1n del 19 al 30 de diciembre; sin embargo, la realizaci\u00f3n de talleres intensivos de formaci\u00f3n continua para docentes en la primera semana de enero retrasar\u00e1n el inicio de las clases.<\/p>\n\n\n\n<p>Vacaciones de fin de a\u00f1o SEP 2022: \u00bfCu\u00e1ntas semanas descansar\u00e1n los ni\u00f1os?<br>Seg\u00fan el calendario de la SEP, los estudiantes de preescolar, primaria y secundaria descansar\u00e1n tres semanas.<\/p>\n\n\n\n<p>El \u00faltimo d\u00eda de clases ser\u00e1 el viernes 16 de diciembre, mientras que el regreso de las vacaciones ser\u00e1 el lunes 9 de enero de 2023.<br>El ciclo escolar pasado no hubo tal serie de talleres intensivos de formaci\u00f3n docente, por lo que los ni\u00f1os salieron de vacaciones el 20 de diciembre de 2021 y volvieron a clases oficialmente el lunes 3 de enero de 2022, un total de dos semanas.<\/p>\n\n\n\n<p>Los \u00fanicos que regresar\u00e1n a actividades el lunes 2 de enero de 2023 ser\u00e1n los profesores, y en esas fechas el alumnado no tendr\u00e1 responsabilidades escolares, por lo que sus vacaciones se extender\u00e1n.<\/p>\n\n\n\n<p>\u00bfHay clases el 12 de diciembre?<br>El d\u00eda en el que millones de mexicanos conmemoran a la Virgen de Guadalupe s\u00ed hay clases, ya que la SEP considera al lunes 12 de diciembre como un d\u00eda com\u00fan en su calendario.<\/p>\n\n\n\n<p>La Universidad Nacional Aut\u00f3noma de M\u00e9xico (UNAM) s\u00ed considera como d\u00eda de descanso el 12 de diciembre, por lo que los estudiantes de sus niveles de bachillerato y licenciatura no tendr\u00e1n clases.<\/p>\n\n\n\n<p>\u00bfCu\u00e1ndo es el pr\u00f3ximo puente para estudiantes de la SEP?<br>De acuerdo con el calendario de la SEP, el viernes 27 de enero de 2023 ser\u00e1 el pr\u00f3ximo puente, ya que ese d\u00eda se organiza el consejo t\u00e9cnico escolar y hay taller intensivo de formaci\u00f3n continua para docentes.<\/p>\n","protected":false},"excerpt":{"rendered":"<p>Los estudiantes de nivel b\u00e1sico en M\u00e9xico tendr\u00e1n una semana extra de vacaciones de fin de a\u00f1o a comparaci\u00f3n de ciclos escolares anteriores, ya que el calendario de la Secretar\u00eda de Educaci\u00f3n P\u00fablica (SEP) as\u00ed lo establece. Las vacaciones de invierno de los menores oficialmente ser\u00e1n del 19 al 30 de diciembre; sin embargo, la [&hellip;]<\/p>\n","protected":false},"author":4,"featured_media":17471,"comment_status":"open","ping_status":"open","sticky":false,"template":"","format":"standard","meta":{"om_disable_all_campaigns":false,"_monsterinsights_skip_tracking":false,"_monsterinsights_sitenote_active":false,"_monsterinsights_sitenote_note":"","_monsterinsights_sitenote_category":0,"footnotes":""},"categories":[176],"tags":[195],"class_list":["post-17470","post","type-post","status-publish","format-standard","has-post-thumbnail","hentry","category-nacional","tag-principal"],"amp_enabled":true,"_links":{"self":[{"href":"https:\/\/lahora.mx\/index.php\/wp-json\/wp\/v2\/posts\/17470","targetHints":{"allow":["GET"]}}],"collection":[{"href":"https:\/\/lahora.mx\/index.php\/wp-json\/wp\/v2\/posts"}],"about":[{"href":"https:\/\/lahora.mx\/index.php\/wp-json\/wp\/v2\/types\/post"}],"author":[{"embeddable":true,"href":"https:\/\/lahora.mx\/index.php\/wp-json\/wp\/v2\/users\/4"}],"replies":[{"embeddable":true,"href":"https:\/\/lahora.mx\/index.php\/wp-json\/wp\/v2\/comments?post=17470"}],"version-history":[{"count":1,"href":"https:\/\/lahora.mx\/index.php\/wp-json\/wp\/v2\/posts\/17470\/revisions"}],"predecessor-version":[{"id":17472,"href":"https:\/\/lahora.mx\/index.php\/wp-json\/wp\/v2\/posts\/17470\/revisions\/17472"}],"wp:featuredmedia":[{"embeddable":true,"href":"https:\/\/lahora.mx\/index.php\/wp-json\/wp\/v2\/media\/17471"}],"wp:attachment":[{"href":"https:\/\/lahora.mx\/index.php\/wp-json\/wp\/v2\/media?parent=17470"}],"wp:term":[{"taxonomy":"category","embeddable":true,"href":"https:\/\/lahora.mx\/index.php\/wp-json\/wp\/v2\/categories?post=17470"},{"taxonomy":"post_tag","embeddable":true,"href":"https:\/\/lahora.mx\/index.php\/wp-json\/wp\/v2\/tags?post=17470"}],"curies":[{"name":"wp","href":"https:\/\/api.w.org\/{rel}","templated":true}]}}