{"id":17465,"date":"2022-12-05T01:38:28","date_gmt":"2022-12-05T01:38:28","guid":{"rendered":"http:\/\/lahora.mx\/?p=17465"},"modified":"2022-12-05T01:42:53","modified_gmt":"2022-12-05T01:42:53","slug":"en-las-calles-de-tehuacan-se-realiza-por-primera-vez-el-tour-de-francia","status":"publish","type":"post","link":"https:\/\/lahora.mx\/index.php\/2022\/12\/05\/en-las-calles-de-tehuacan-se-realiza-por-primera-vez-el-tour-de-francia\/","title":{"rendered":"En las calles de Tehuac\u00e1n se realiza por primera vez el Tour de Francia"},"content":{"rendered":"\n<p class=\"wp-block-paragraph\">Con la participaci\u00f3n de cerca de 900 ciclistas se realiz\u00f3 la carrera \u201cL\u2019Etape Puebla by Tour de France\u201d en el municipio de Tehuac\u00e1n, que por primera vez fue sede de esta rodada y se espera repetir el pr\u00f3ximo a\u00f1o.<\/p>\n\n\n\n<p class=\"wp-block-paragraph\">Pedro Tepole, presidente municipal de Tehuac\u00e1n, junto con los organizadores de la carrera, dio el banderazo de salida en punto de las 7:00 horas de este domingo 4 de diciembre de 2022 en la avenida Independencia.<br>Hombres y mujeres, desde los 16 a los 80 a\u00f1os de edad, se inscribieron para participar en esta rodada que ofreci\u00f3 tres etapas, de 40, 60 y 120 kil\u00f3metros de recorrido.<\/p>\n\n\n\n<p class=\"wp-block-paragraph\">El punto de salida y meta fue el centro de Tehuac\u00e1n, pero la ruta incluy\u00f3 los municipios de Coxcatl\u00e1n y Zinacatepec.<\/p>\n\n\n\n<p class=\"wp-block-paragraph\">Jorge Reyes Franco, director de \u201cL\u2019Etape Puebla by Tour de France\u201d, resalt\u00f3 que en la etapa de 120 kil\u00f3metros, la mayor\u00eda de la carrera se desarroll\u00f3 en la poblaci\u00f3n de San Jos\u00e9 Tilapa, perteneciente al municipio de Coxcatl\u00e1n, con los l\u00edmites de Oaxaca.<\/p>\n\n\n\n<p class=\"wp-block-paragraph\">Por ello, desde el pasado mi\u00e9rcoles, se coordinaron con autoridades de los tres municipios involucrados y personal de Seguridad P\u00fablica y Protecci\u00f3n Civil para informar a la poblaci\u00f3n y automovilistas sobre la carrera, a fin de tomar sus previsiones y evitar accidentes.<\/p>\n\n\n\n<p class=\"wp-block-paragraph\">La ruta que siguieron fue desde avenida Independencia Oriente hacia avenida Reforma Sur, tomaron el libramiento hasta integrarse a la carretera estatal Tehuac\u00e1n-Teotitl\u00e1n, para llegar a la junta auxiliar de San Jos\u00e9 Tilapa, del municipio de Coxcatl\u00e1n.<\/p>\n\n\n\n<p class=\"wp-block-paragraph\">Para los competidores fue un agasajo disfrutar de los escenarios naturales que ofrece esta regi\u00f3n del valle de Tehuac\u00e1n, principalmente de cact\u00e1ceas, semi desierto y monta\u00f1as con cielo completamente despejado.<\/p>\n\n\n\n<p class=\"wp-block-paragraph\">Tour de Francia en Puebla \u00bfC\u00f3mo inscribirse y cu\u00e1nto cuesta?<br>L&#8217;Etape Puebla by Tour de France<br>Los habitantes de Tehuac\u00e1n esperan una importante derrama econ\u00f3mica por esta actividad, ya que los corredores for\u00e1neos llegaron con sus familias y equipo de apoyo provenientes de 21 estados y seis pa\u00edses como Colombia, Venezuela, Brasil y Espa\u00f1a.<\/p>\n\n\n\n<p class=\"wp-block-paragraph\">El recorrido, que tuvo en promedio poco m\u00e1s de cuatro horas de desarrollo, hasta el cierre de esta nota, concluy\u00f3 de manera satisfactoria y se estaba en espera de los resultados de los ganadores de cada etapa.<\/p>\n\n\n\n<p class=\"wp-block-paragraph\">Con esta etapa se cerr\u00f3 el serial de la competencia que inici\u00f3 en La Paz, Baja California, Acapulco, Estado de M\u00e9xico, Ciudad de M\u00e9xico, San Luis Potos\u00ed y concluy\u00f3 en Tehuac\u00e1n.<\/p>\n\n\n\n<p class=\"wp-block-paragraph\">M\u00e9xico cuenta con un ranking nacional de etapas que dan puntos y al ganador le entregan un premio, por participar en el evento principal de la etapa que se realiza en Francia.<\/p>\n\n\n\n<p class=\"wp-block-paragraph\">La Tour de France es considerada la carrera ciclista m\u00e1s importante del mundo desde 1903. Desde su creaci\u00f3n, la carrera se ha visto interrumpida en dos ocasiones debido a las dos guerras mundiales: desde 1915 hasta 1918 y desde 1940 hasta 1946.<\/p>\n","protected":false},"excerpt":{"rendered":"<p>Con la participaci\u00f3n de cerca de 900 ciclistas se realiz\u00f3 la carrera \u201cL\u2019Etape Puebla by Tour de France\u201d en el municipio de Tehuac\u00e1n, que por primera vez fue sede de esta rodada y se espera repetir el pr\u00f3ximo a\u00f1o. Pedro Tepole, presidente municipal de Tehuac\u00e1n, junto con los organizadores de la carrera, dio el banderazo [&hellip;]<\/p>\n","protected":false},"author":4,"featured_media":17466,"comment_status":"open","ping_status":"open","sticky":false,"template":"","format":"standard","meta":{"om_disable_all_campaigns":false,"_monsterinsights_skip_tracking":false,"_monsterinsights_sitenote_active":false,"_monsterinsights_sitenote_note":"","_monsterinsights_sitenote_category":0,"footnotes":""},"categories":[175],"tags":[223],"class_list":["post-17465","post","type-post","status-publish","format-standard","has-post-thumbnail","hentry","category-local","tag-puebla"],"amp_enabled":true,"_links":{"self":[{"href":"https:\/\/lahora.mx\/index.php\/wp-json\/wp\/v2\/posts\/17465","targetHints":{"allow":["GET"]}}],"collection":[{"href":"https:\/\/lahora.mx\/index.php\/wp-json\/wp\/v2\/posts"}],"about":[{"href":"https:\/\/lahora.mx\/index.php\/wp-json\/wp\/v2\/types\/post"}],"author":[{"embeddable":true,"href":"https:\/\/lahora.mx\/index.php\/wp-json\/wp\/v2\/users\/4"}],"replies":[{"embeddable":true,"href":"https:\/\/lahora.mx\/index.php\/wp-json\/wp\/v2\/comments?post=17465"}],"version-history":[{"count":1,"href":"https:\/\/lahora.mx\/index.php\/wp-json\/wp\/v2\/posts\/17465\/revisions"}],"predecessor-version":[{"id":17467,"href":"https:\/\/lahora.mx\/index.php\/wp-json\/wp\/v2\/posts\/17465\/revisions\/17467"}],"wp:featuredmedia":[{"embeddable":true,"href":"https:\/\/lahora.mx\/index.php\/wp-json\/wp\/v2\/media\/17466"}],"wp:attachment":[{"href":"https:\/\/lahora.mx\/index.php\/wp-json\/wp\/v2\/media?parent=17465"}],"wp:term":[{"taxonomy":"category","embeddable":true,"href":"https:\/\/lahora.mx\/index.php\/wp-json\/wp\/v2\/categories?post=17465"},{"taxonomy":"post_tag","embeddable":true,"href":"https:\/\/lahora.mx\/index.php\/wp-json\/wp\/v2\/tags?post=17465"}],"curies":[{"name":"wp","href":"https:\/\/api.w.org\/{rel}","templated":true}]}}