{"id":17427,"date":"2022-12-04T21:33:34","date_gmt":"2022-12-04T21:33:34","guid":{"rendered":"http:\/\/lahora.mx\/?p=17427"},"modified":"2022-12-04T21:33:35","modified_gmt":"2022-12-04T21:33:35","slug":"festejos-a-la-virgen-de-guadalupe-retoman-su-auge-como-antes-de-la-pandemia","status":"publish","type":"post","link":"https:\/\/lahora.mx\/index.php\/2022\/12\/04\/festejos-a-la-virgen-de-guadalupe-retoman-su-auge-como-antes-de-la-pandemia\/","title":{"rendered":"Festejos a la Virgen de Guadalupe retoman su auge como antes de la pandemia"},"content":{"rendered":"\n<p>Los festejos a la Virgen de Guadalupe se llevar\u00e1n a cabo de forma tradicional, como suced\u00eda antes de la pandemia de covid-19, anunci\u00f3 este domingo la Arquidi\u00f3cesis Primada de M\u00e9xico.<\/p>\n\n\n\n<p>De ah\u00ed que las autoridades eclesi\u00e1sticas exhortaron a la feligres\u00eda a tomar precauciones para que la llegada de peregrinos a la Bas\u00edlica de Guadalupe transcurra con seguridad y con la mayor de las precauciones posibles, debido a que podr\u00edan alcanzarse r\u00e9cords de asistencia hist\u00f3rica durante los pr\u00f3ximos d\u00edas y hasta el 12 de diciembre de este a\u00f1o.<\/p>\n\n\n\n<p>Desde el editorial del semanario Desde la Fe, la iglesia cat\u00f3lica se\u00f1al\u00f3 que tras dos a\u00f1os de restricciones sanitarias \u00abla Bas\u00edlica de Guadalupe hoy est\u00e1 lista para recibir a todas las personas que deseen peregrinar al Tepeyac\u00bb para celebrar el 491 aniversario del Acontecimiento Guadalupano.<\/p>\n\n\n\n<p>\u00abLos festejos a la Morenita del Tepeyac este a\u00f1o finalmente se llevar\u00e1n a cabo con la normalidad con que se hab\u00edan hecho por generaciones hasta antes de la pandemia de covid-19, que oblig\u00f3 a las autoridades eclesiales y civiles a tomar medidas restrictivas en favor de la ciudadan\u00eda\u00bb destac\u00f3 la publicaci\u00f3n religiosa.<\/p>\n\n\n\n<p>De acuerdo con la Arquidi\u00f3cesis, muchas peregrinaciones han comenzado a llegar al Tepeyac, y otras m\u00e1s a\u00fan se preparan para tomar la ruta.<br>Consider\u00f3 que si se toma en cuenta el n\u00famero de peregrinos que arribaron en octubre pasado a la Romer\u00eda de la Virgen de Zapopan, en Jalisco, donde se super\u00f3 cualquier cifra anteriormente registrada \u00abpodr\u00edamos tener un r\u00e9cord hist\u00f3rico de visitantes al Tepeyac\u00bb subray\u00f3 el editorial.<\/p>\n\n\n\n<p>En este c\u00e1lculo y ante los riesgos que suelen correr especialmente los grupos numerosos en las carreteras, la Iglesia Cat\u00f3lica insisti\u00f3 a los peregrinos en ser cuidadosos en su camino y a los automovilistas conducir con suma responsabilidad y respeto a la feligres\u00eda para evitar tragedias.<\/p>\n\n\n\n<p>De manera especial, se hizo un llamado a la ciudadan\u00eda en general para ser respetuosos con los peregrinos y los cuales \u00abestar\u00e1n cruzando en grupos numerosos diversas calles, principalmente las aleda\u00f1as al Tepeyac. Y exhortamos a los peregrinos a respetar los espacios de los ciudadanos, as\u00ed como atender las disposiciones establecidas por las autoridades civiles\u00bb.<\/p>\n\n\n\n<p>Al retomar los festejos tradicionales, se puntualiz\u00f3 como petici\u00f3n especial del rector de la Bas\u00edlica de Guadalupe, monse\u00f1or Salvador Mart\u00ednez, que los peregrinos una vez que ingresen al recinto lo hagan portando el cubrebocas para evitar contagios no solo de covid-19 sino de cualquier enfermedad infecciosa, propias de la temporada invernal.<\/p>\n\n\n\n<p>Como bien lo se\u00f1ala el Papa Francisco, ha llegado el tiempo de contagiarnos, pero no de alg\u00fan virus, sino del amor, la empat\u00eda, el respeto y el entusiasmo.<\/p>\n","protected":false},"excerpt":{"rendered":"<p>Los festejos a la Virgen de Guadalupe se llevar\u00e1n a cabo de forma tradicional, como suced\u00eda antes de la pandemia de covid-19, anunci\u00f3 este domingo la Arquidi\u00f3cesis Primada de M\u00e9xico. De ah\u00ed que las autoridades eclesi\u00e1sticas exhortaron a la feligres\u00eda a tomar precauciones para que la llegada de peregrinos a la Bas\u00edlica de Guadalupe transcurra [&hellip;]<\/p>\n","protected":false},"author":4,"featured_media":17428,"comment_status":"open","ping_status":"open","sticky":false,"template":"","format":"standard","meta":{"om_disable_all_campaigns":false,"_monsterinsights_skip_tracking":false,"_monsterinsights_sitenote_active":false,"_monsterinsights_sitenote_note":"","_monsterinsights_sitenote_category":0,"footnotes":""},"categories":[176],"tags":[],"class_list":["post-17427","post","type-post","status-publish","format-standard","has-post-thumbnail","hentry","category-nacional"],"amp_enabled":true,"_links":{"self":[{"href":"https:\/\/lahora.mx\/index.php\/wp-json\/wp\/v2\/posts\/17427","targetHints":{"allow":["GET"]}}],"collection":[{"href":"https:\/\/lahora.mx\/index.php\/wp-json\/wp\/v2\/posts"}],"about":[{"href":"https:\/\/lahora.mx\/index.php\/wp-json\/wp\/v2\/types\/post"}],"author":[{"embeddable":true,"href":"https:\/\/lahora.mx\/index.php\/wp-json\/wp\/v2\/users\/4"}],"replies":[{"embeddable":true,"href":"https:\/\/lahora.mx\/index.php\/wp-json\/wp\/v2\/comments?post=17427"}],"version-history":[{"count":1,"href":"https:\/\/lahora.mx\/index.php\/wp-json\/wp\/v2\/posts\/17427\/revisions"}],"predecessor-version":[{"id":17429,"href":"https:\/\/lahora.mx\/index.php\/wp-json\/wp\/v2\/posts\/17427\/revisions\/17429"}],"wp:featuredmedia":[{"embeddable":true,"href":"https:\/\/lahora.mx\/index.php\/wp-json\/wp\/v2\/media\/17428"}],"wp:attachment":[{"href":"https:\/\/lahora.mx\/index.php\/wp-json\/wp\/v2\/media?parent=17427"}],"wp:term":[{"taxonomy":"category","embeddable":true,"href":"https:\/\/lahora.mx\/index.php\/wp-json\/wp\/v2\/categories?post=17427"},{"taxonomy":"post_tag","embeddable":true,"href":"https:\/\/lahora.mx\/index.php\/wp-json\/wp\/v2\/tags?post=17427"}],"curies":[{"name":"wp","href":"https:\/\/api.w.org\/{rel}","templated":true}]}}