{"id":1742,"date":"2022-01-17T05:18:05","date_gmt":"2022-01-17T05:18:05","guid":{"rendered":"http:\/\/lahora.mx\/?p=1742"},"modified":"2022-01-17T05:18:05","modified_gmt":"2022-01-17T05:18:05","slug":"el-pueblo-magico-de-zacatlan-es-reconocido-por-su-gastronomia","status":"publish","type":"post","link":"https:\/\/lahora.mx\/index.php\/2022\/01\/17\/el-pueblo-magico-de-zacatlan-es-reconocido-por-su-gastronomia\/","title":{"rendered":"El Pueblo M\u00e1gico de Zacatl\u00e1n es reconocido por su gastronom\u00eda"},"content":{"rendered":"<p>En una reuni\u00f3n con representantes de empresas tur\u00edsticas y prestadores de servicios, la secretaria de Turismo Marta Ornelas Guerrero en presencia del presidente municipal, Jos\u00e9 Luis M\u00e1rquez entreg\u00f3 el reconocimiento otorgado por la revista especializada \u201cMexico Desconocido\u201d; que design\u00f3 a Zacatl\u00e1n como \u201cel mejor Pueblo M\u00e1gico para una experiencia culinaria\u201d.De igual manera, la funcionaria destac\u00f3 que el objetivo de dicho encuentro, adem\u00e1s de presentar propuestas\u00a0 tuvo la finalidad de conocer las necesidades, planes y proyectos de quienes atienden de manera directa a los visitantes, de tal suerte que las decisiones sean tomadas con base en planteamientos bien estructurados, que satisfagan los requerimientos del destino tur\u00edstico. Asimismo, invit\u00f3 a los prestadores de servicio para que se acerquen a la dependencia para que hagan uso de los productos y servicios que ofrece en materia de capacitaci\u00f3n, certificaciones y desarrollo de productos tur\u00edsticos, de manera que se contin\u00fae con la consolidaci\u00f3n del destino.Es importante destacar que, Zacatl\u00e1n es uno de los pueblos m\u00e1gicos con mayor n\u00famero de visitantes en el estado; pues de acuerdo con el reporte m\u00e1s reciente del Sistema Nacional de Informaci\u00f3n Estad\u00edstica del Sector Turismo de Mexico (DataTur), entre enero y noviembre de 2021, recibi\u00f3 174 mil 76 visitantes, lo que representa un 46.47 por ciento de incremento respecto al mismo periodo de 2020.<\/p>\n","protected":false},"excerpt":{"rendered":"<p>En una reuni\u00f3n con representantes de empresas tur\u00edsticas y prestadores de servicios, la secretaria de Turismo Marta Ornelas Guerrero en presencia del presidente municipal, Jos\u00e9 Luis M\u00e1rquez entreg\u00f3 el reconocimiento otorgado por la revista especializada \u201cMexico Desconocido\u201d; que design\u00f3 a Zacatl\u00e1n como \u201cel mejor Pueblo M\u00e1gico para una experiencia culinaria\u201d.De igual manera, la funcionaria destac\u00f3 [&hellip;]<\/p>\n","protected":false},"author":4,"featured_media":1745,"comment_status":"open","ping_status":"open","sticky":false,"template":"","format":"standard","meta":{"om_disable_all_campaigns":false,"_monsterinsights_skip_tracking":false,"_monsterinsights_sitenote_active":false,"_monsterinsights_sitenote_note":"","_monsterinsights_sitenote_category":0,"footnotes":""},"categories":[175,176],"tags":[],"class_list":["post-1742","post","type-post","status-publish","format-standard","has-post-thumbnail","hentry","category-local","category-nacional"],"amp_enabled":true,"_links":{"self":[{"href":"https:\/\/lahora.mx\/index.php\/wp-json\/wp\/v2\/posts\/1742","targetHints":{"allow":["GET"]}}],"collection":[{"href":"https:\/\/lahora.mx\/index.php\/wp-json\/wp\/v2\/posts"}],"about":[{"href":"https:\/\/lahora.mx\/index.php\/wp-json\/wp\/v2\/types\/post"}],"author":[{"embeddable":true,"href":"https:\/\/lahora.mx\/index.php\/wp-json\/wp\/v2\/users\/4"}],"replies":[{"embeddable":true,"href":"https:\/\/lahora.mx\/index.php\/wp-json\/wp\/v2\/comments?post=1742"}],"version-history":[{"count":1,"href":"https:\/\/lahora.mx\/index.php\/wp-json\/wp\/v2\/posts\/1742\/revisions"}],"predecessor-version":[{"id":1746,"href":"https:\/\/lahora.mx\/index.php\/wp-json\/wp\/v2\/posts\/1742\/revisions\/1746"}],"wp:featuredmedia":[{"embeddable":true,"href":"https:\/\/lahora.mx\/index.php\/wp-json\/wp\/v2\/media\/1745"}],"wp:attachment":[{"href":"https:\/\/lahora.mx\/index.php\/wp-json\/wp\/v2\/media?parent=1742"}],"wp:term":[{"taxonomy":"category","embeddable":true,"href":"https:\/\/lahora.mx\/index.php\/wp-json\/wp\/v2\/categories?post=1742"},{"taxonomy":"post_tag","embeddable":true,"href":"https:\/\/lahora.mx\/index.php\/wp-json\/wp\/v2\/tags?post=1742"}],"curies":[{"name":"wp","href":"https:\/\/api.w.org\/{rel}","templated":true}]}}